{"id":43689,"date":"2015-09-17T14:37:14","date_gmt":"2015-09-17T13:37:14","guid":{"rendered":"http:\/\/www.alground.com\/site\/?p=43689"},"modified":"2023-01-09T11:36:53","modified_gmt":"2023-01-09T10:36:53","slug":"ipad-pro-apple-scheda-tablet","status":"publish","type":"post","link":"https:\/\/alground.com\/site\/ipad-pro-apple-scheda-tablet\/43689\/","title":{"rendered":"iPad Pro. La scheda del tablet Apple potente e accessoriato"},"content":{"rendered":"<div id=\"ez-toc-container\" class=\"ez-toc-v2_0_82_2 counter-hierarchy ez-toc-counter ez-toc-grey ez-toc-container-direction\">\n<p class=\"ez-toc-title\" style=\"cursor:inherit\">Punti chiave<\/p>\n<label for=\"ez-toc-cssicon-toggle-item-69f7274b0b9da\" class=\"ez-toc-cssicon-toggle-label\"><span class=\"\"><span class=\"eztoc-hide\" style=\"display:none;\">Toggle<\/span><span class=\"ez-toc-icon-toggle-span\"><svg style=\"fill: #999;color:#999\" xmlns=\"http:\/\/www.w3.org\/2000\/svg\" class=\"list-377408\" width=\"20px\" height=\"20px\" viewBox=\"0 0 24 24\" fill=\"none\"><path d=\"M6 6H4v2h2V6zm14 0H8v2h12V6zM4 11h2v2H4v-2zm16 0H8v2h12v-2zM4 16h2v2H4v-2zm16 0H8v2h12v-2z\" fill=\"currentColor\"><\/path><\/svg><svg style=\"fill: #999;color:#999\" class=\"arrow-unsorted-368013\" xmlns=\"http:\/\/www.w3.org\/2000\/svg\" width=\"10px\" height=\"10px\" viewBox=\"0 0 24 24\" version=\"1.2\" baseProfile=\"tiny\"><path d=\"M18.2 9.3l-6.2-6.3-6.2 6.3c-.2.2-.3.4-.3.7s.1.5.3.7c.2.2.4.3.7.3h11c.3 0 .5-.1.7-.3.2-.2.3-.5.3-.7s-.1-.5-.3-.7zM5.8 14.7l6.2 6.3 6.2-6.3c.2-.2.3-.5.3-.7s-.1-.5-.3-.7c-.2-.2-.4-.3-.7-.3h-11c-.3 0-.5.1-.7.3-.2.2-.3.5-.3.7s.1.5.3.7z\"\/><\/svg><\/span><\/span><\/label><input type=\"checkbox\"  id=\"ez-toc-cssicon-toggle-item-69f7274b0b9da\"  aria-label=\"Toggle\" \/><nav><ul class='ez-toc-list ez-toc-list-level-1 ' ><li class='ez-toc-page-1 ez-toc-heading-level-1'><a class=\"ez-toc-link ez-toc-heading-1\" href=\"https:\/\/alground.com\/site\/ipad-pro-apple-scheda-tablet\/43689\/#iPad_Pro_La_scheda_il_design\" >iPad Pro. La scheda: il design<\/a><ul class='ez-toc-list-level-3' ><li class='ez-toc-heading-level-3'><ul class='ez-toc-list-level-3' ><li class='ez-toc-heading-level-3'><a class=\"ez-toc-link ez-toc-heading-2\" href=\"https:\/\/alground.com\/site\/ipad-pro-apple-scheda-tablet\/43689\/#Ipad_Pro_La_scheda_display\" >Ipad Pro. La scheda: display<\/a><\/li><li class='ez-toc-page-1 ez-toc-heading-level-3'><a class=\"ez-toc-link ez-toc-heading-3\" href=\"https:\/\/alground.com\/site\/ipad-pro-apple-scheda-tablet\/43689\/#iPad_Pro_La_scheda_hardware_e_memoria\" >iPad Pro. La scheda: hardware e memoria<\/a><\/li><li class='ez-toc-page-1 ez-toc-heading-level-3'><a class=\"ez-toc-link ez-toc-heading-4\" href=\"https:\/\/alground.com\/site\/ipad-pro-apple-scheda-tablet\/43689\/#iPad_Pro_La_scheda_software_e_connettivita\" >iPad Pro. La scheda: software e connettivit\u00e0<\/a><\/li><li class='ez-toc-page-1 ez-toc-heading-level-3'><a class=\"ez-toc-link ez-toc-heading-5\" href=\"https:\/\/alground.com\/site\/ipad-pro-apple-scheda-tablet\/43689\/#iPad_Pro_La_scheda_foto_e_videocamera\" >iPad Pro. La scheda: foto e videocamera<\/a><\/li><li class='ez-toc-page-1 ez-toc-heading-level-3'><a class=\"ez-toc-link ez-toc-heading-6\" href=\"https:\/\/alground.com\/site\/ipad-pro-apple-scheda-tablet\/43689\/#iPad_Pro_La_scheda_alcuni_accessori_abbinati\" >iPad Pro. La scheda: alcuni accessori abbinati<\/a><\/li><li class='ez-toc-page-1 ez-toc-heading-level-3'><a class=\"ez-toc-link ez-toc-heading-7\" href=\"https:\/\/alground.com\/site\/ipad-pro-apple-scheda-tablet\/43689\/#iPad_Pro_La_scheda_batteria_e_prezzi\" >iPad Pro. La scheda: batteria e prezzi<\/a><\/li><\/ul><\/li><\/ul><\/li><\/ul><\/nav><\/div>\n<p>Apple lo definisce \u201cSottile. Leggero. Immenso\u201d: \u00e8 l&#8217;iPad Pro, il tablet Apple di ultima generazione. Le performance sono da record: si parla di prestazioni di calcolo 22 volte pi\u00f9 veloci rispetto a iPad Air 2 e un&#8217;elaborazione grafica 360 volte pi\u00f9 rapida. Analizziamo allora da vicino l&#8217;<strong>iPad Pro. La scheda tecnica, il design e le novit\u00e0 dell&#8217;ultimo tablet Apple<\/strong>.<\/p>\n<h1><span class=\"ez-toc-section\" id=\"iPad_Pro_La_scheda_il_design\"><\/span>iPad Pro. La scheda: il design<span class=\"ez-toc-section-end\"><\/span><\/h1>\n<p>A livello estetico l&#8217;iPad pro \u00e8 molto simile all&#8217;iPad Air 2, ma con dimensioni decisamente maggiori, fatta eccezione dello spessore: 6,9 mm per entrambi, una dimensione piuttosto contenuta che contribuisce a dare una sensazione di eleganza e ricercatezza. Lo schermo, invece, \u00e8 un 12,9 pollici, la lunghezza di 30,57 cm, la larghezza 22,06 cm. Il peso rimane contenuto: 713 grammi per la versione WiFi e dieci in pi\u00f9 per quella con connessione LTE che sale cos\u00ec a 723 grammi.<\/p>\n<p>In tipico stile Apple, anche i materiali dell&#8217;iPad Pro sono di alta qualit\u00e0 e assemblati in maniera impeccabile. La scocca \u00e8 in alluminio anodizzato mentre il vetro dello schermo \u00e8 rafforzato agli ioni, per garantire una maggiore resistenza. Il tasto home racchiude lo <strong>scanner delle impronte digitali<\/strong> e, novit\u00e0 rispetto ai precedenti table Apple, l&#8217;iPad Pro \u00e8 ora dotato di <strong>quattro altoparlanti<\/strong> per una riproduzione stereo in qualsiasi direzione.<\/p>\n<p>Nel frame superiore troviamo il tasto di accensione, gli altoparlanti e il jack stereo. In quello inferiore il connettore Lightning e altri due altoparlanti. Lateralmente abbiamo, a destra il doppio microfono e i tasti del volume, a sinistra lo smart connector per collegare l&#8217;iPad ad altri device.<br \/>\nI colori disponibili sono argento, oro e grigio siderale.<\/p>\n<p>[layerslider id=&#8221;9&#8243;]<\/p>\n<h3><span class=\"ez-toc-section\" id=\"Ipad_Pro_La_scheda_display\"><\/span>Ipad Pro. La scheda: display<span class=\"ez-toc-section-end\"><\/span><\/h3>\n<p>Lo schermo da 12,9 pollici \u00e8 un display Retina con una risoluzione eccellente: 2732&#215;2048 pixel con un totale di 5,6 milioni di punti lo rendono <strong>il miglior display attualmente sul mercato degli iOS<\/strong>. La superficie, pi\u00f9 grande rispetto a quella dell&#8217;iPad Air 2 del 78%, \u00e8 ricoperta da un rivestimento oleorepellente e antiriflesso.<\/p>\n<p>Lo schermo \u00e8 dotato di funzione <strong>Refresh Rate variabile<\/strong>. In pratica il dispositivo \u00e8 in grado di riconoscere il tipo di contenuto visualizzato: se \u00e8 statico, iPad Pro dimezza la velocit\u00e0 di refresh da 60 a 30 volte al minuto, ottimizzandone cos\u00ec l&#8217;efficienza, sia a livello di consumi, sia di qualit\u00e0 visiva.\u00a0Il multi-touch, widescreen e retroilluminato LED, ha livelli di precisione altissimi anche con l&#8217;utilizzo dell&#8217;Apple Pencil, la stilo progettata proprio per l&#8217;iPad Pro.<\/p>\n<h3><span class=\"ez-toc-section\" id=\"iPad_Pro_La_scheda_hardware_e_memoria\"><\/span>iPad Pro. La scheda: hardware e memoria<span class=\"ez-toc-section-end\"><\/span><\/h3>\n<p>Pad Pro \u00e8 disponibile in due modelli: i <strong>Wi-Fi nelle versioni da 32 o 64 GB<\/strong> e <strong>Wi-Fi + cellular da 128 GB<\/strong>. Tutti sono dotati di <strong>4 GB di RAM<\/strong>.\u00a0Il processore \u00e8 il nuovo A9X, il pi\u00f9 potente tra quelli attualmente impiegati nei device iOS: <strong>chip A9X e co-processore di movimento M9<\/strong>. Le prestazioni sono paragonabili a quelle di un laptop, anche grazie a un&#8217;architettura da 64 bit. Infatti se confrontato con l&#8217;iPad Air 2, l&#8217;iPad Pro promette un&#8217;elaborazione grafica due\u00a0volte pi\u00f9 veloce e prestazioni di calcolo superiori\u00a0di 1,8 volte, mentre al confronto con l&#8217;iPad di prima generazione, la CPU \u00e8 di 22 volte pi\u00f9 potente e le prestazioni grafiche\u00a0sono 360 volte migliori.<\/p>\n<p>Merito della tecnologia <strong>Storage Controller<\/strong>, studiata per ridurre i tempi di scrittura e lettura dei file, anche di grandi dimensioni. Non solo: l&#8217;iPad Pro eredita da iOS 8 <strong>Metal<\/strong>, il sistema progettato per ottenere prestazioni grafiche elevate.<\/p>\n<p>A livello di sensori, troviamo il rilevatore di impronte digitali utile per bloccare\/sbloccare il dispositivo o per fare acquisti online su iTunes Store, iBooks e App Sore oppure per proteggere i propri dati personali nelle applicazioni.\u00a0Ipad Pro \u00e8 dotato anche di accelerometro, bussola digitale, sensori di luce ambientale, barometro e giroscopio a tre assi.<\/p>\n<figure id=\"attachment_43690\" aria-describedby=\"caption-attachment-43690\" style=\"width: 850px\" class=\"wp-caption aligncenter\"><img loading=\"lazy\" decoding=\"async\" class=\"wp-image-43690\" src=\"https:\/\/www.alground.com\/origin\/wp-content\/uploads\/2015\/09\/Ipad-Pro.-La-scheda-hardware-1024x706.jpg\" alt=\"Ipad Pro. La scheda: il nuovo processore A9X abbinato a tecnologia Storage Controller e Metal garantiscono prestazioni elevate e un'elaborazione grafica impeccabile.\" width=\"850\" height=\"586\" srcset=\"https:\/\/alground.com\/site\/wp-content\/uploads\/2015\/09\/Ipad-Pro.-La-scheda-hardware-1024x706.jpg 1024w, https:\/\/alground.com\/site\/wp-content\/uploads\/2015\/09\/Ipad-Pro.-La-scheda-hardware-300x207.jpg 300w, https:\/\/alground.com\/site\/wp-content\/uploads\/2015\/09\/Ipad-Pro.-La-scheda-hardware-768x530.jpg 768w, https:\/\/alground.com\/site\/wp-content\/uploads\/2015\/09\/Ipad-Pro.-La-scheda-hardware-277x190.jpg 277w, https:\/\/alground.com\/site\/wp-content\/uploads\/2015\/09\/Ipad-Pro.-La-scheda-hardware-176x120.jpg 176w, https:\/\/alground.com\/site\/wp-content\/uploads\/2015\/09\/Ipad-Pro.-La-scheda-hardware.jpg 1450w\" sizes=\"auto, (max-width: 850px) 100vw, 850px\" \/><figcaption id=\"caption-attachment-43690\" class=\"wp-caption-text\">Ipad Pro. La scheda: il nuovo processore A9X abbinato a tecnologia Storage Controller e Metal garantiscono prestazioni elevate e un&#8217;elaborazione grafica impeccabile.<\/figcaption><\/figure>\n<h3><span class=\"ez-toc-section\" id=\"iPad_Pro_La_scheda_software_e_connettivita\"><\/span>iPad Pro. La scheda: software e connettivit\u00e0<span class=\"ez-toc-section-end\"><\/span><\/h3>\n<p>Il sistema operativo dell&#8217;iPad Pro \u00e8<strong> iOS 9<\/strong> dove ritroviamo anche l&#8217;assistente vocale Siri. Con iOS 9 \u00e8 possibile aprire anche due app alla volta e lavorare in multitasking in maniera fluida e veloce.\u00a0Entrambe le versioni, Wi-Fi e Wi-Fi + Cellular LTE, hanno <strong>bluetooth 4,2<\/strong> e <strong>Wi-Fi con standard 802.11 ac<\/strong>, a doppio canale fino a 5 GHz e <strong>tecnologia MIMO<\/strong>.\u00a0Il modello LTE garantisce compatibilit\u00e0 massima con i principali network mondiali e include anche un servizio di <strong>geolocalizzazione GPS assistito e GLONASS<\/strong>.<\/p>\n<h3><span class=\"ez-toc-section\" id=\"iPad_Pro_La_scheda_foto_e_videocamera\"><\/span>iPad Pro. La scheda: foto e videocamera<span class=\"ez-toc-section-end\"><\/span><\/h3>\n<p>Il tablet Apple \u00e8 dotato di due fotocamere: la principale \u00e8 una <strong>iSight da 8 megapixel<\/strong> e la secondaria da 1,2 megapixel.<br \/>\nQuella posteriore ha un obiettivo a cinque elementi con apertura del diaframma f\/2.4, autofocus e retroilluminazione laterale. Il risultato sono scatti perfetti anche in condizione di luce scarsa o in controluce.\u00a0L&#8217;obiettivo della fotocamera frontale \u00e8 un FaceTime HD con apertura f\/2.2 e HDR automatico.\u00a0A livello video, iPad Pro registra <strong>filmati in Full HD da 1080p<\/strong> con la possibilit\u00e0 di filmare in <strong>slow motion fino a 120fps al secondo<\/strong>.<\/p>\n<figure id=\"attachment_43691\" aria-describedby=\"caption-attachment-43691\" style=\"width: 800px\" class=\"wp-caption aligncenter\"><img loading=\"lazy\" decoding=\"async\" class=\"wp-image-43691 size-full\" src=\"https:\/\/www.alground.com\/origin\/wp-content\/uploads\/2015\/09\/Ipad-Pro.-La-scheda-fotocamera.jpg\" alt=\"Ipad Pro. La scheda: la fotocamera frontale \u00e8 una iSight da 8 megapixel con obiettivo a cinque lenti in grado di immortalare scatti perfetti anche controluce\" width=\"800\" height=\"600\" srcset=\"https:\/\/alground.com\/site\/wp-content\/uploads\/2015\/09\/Ipad-Pro.-La-scheda-fotocamera.jpg 800w, https:\/\/alground.com\/site\/wp-content\/uploads\/2015\/09\/Ipad-Pro.-La-scheda-fotocamera-300x225.jpg 300w, https:\/\/alground.com\/site\/wp-content\/uploads\/2015\/09\/Ipad-Pro.-La-scheda-fotocamera-768x576.jpg 768w\" sizes=\"auto, (max-width: 800px) 100vw, 800px\" \/><figcaption id=\"caption-attachment-43691\" class=\"wp-caption-text\">Ipad Pro. La scheda: la fotocamera frontale \u00e8 una iSight da 8 megapixel con obiettivo a cinque lenti in grado di immortalare scatti perfetti anche controluce<\/figcaption><\/figure>\n<h3><span class=\"ez-toc-section\" id=\"iPad_Pro_La_scheda_alcuni_accessori_abbinati\"><\/span>iPad Pro. La scheda: alcuni accessori abbinati<span class=\"ez-toc-section-end\"><\/span><\/h3>\n<p>iPad Pro offre alcuni accessori abbinati, venduti separatamente. Uno di questi \u00e8 l&#8217;<strong>Apple Pencil<\/strong>, una penna stilo dal design minimal con corpo bianco. Il touch screen del nuovo tablet Apple \u00e8 cos\u00ec sofisticato da distinguere le impronte delle dita da quelle del pennino. Quando rileva l&#8217;utilizzo dell&#8217;Apple Pencil aumenta le scansioni della superficie touch fino a 240 volte al secondo, garantendo una massima fluidit\u00e0 del tratto.<\/p>\n<p>La penna ha un&#8217;autonomia massima di 12 ore e pu\u00f2 essere ricaricata tramite il connettore Lightning oppure direttamente con collegamento alla presa elettrica: in questo caso con soli 15 secondi di ricarica, Apple Pencil avr\u00e0 un&#8217;autonomia di 15 minuti.<\/p>\n<p>La <strong>Smart Keyboard<\/strong> \u00e8 invece una cover ad allaccio magnetico, completa di tastiera a isola. Si collega al tablet tramite la porta Smart Connector, a sinistra dell&#8217;iPad Pro, ed \u00e8 un concentrato di tecnologia e materiali h-tech. \u00c8 infatti rivestita in tre strati di protezione: uno in poliuretano, uno interno di conduzione dei dati e una rifinitura in microfibra e antimacchia.<\/p>\n<h3><span class=\"ez-toc-section\" id=\"iPad_Pro_La_scheda_batteria_e_prezzi\"><\/span>iPad Pro. La scheda: batteria e prezzi<span class=\"ez-toc-section-end\"><\/span><\/h3>\n<p><strong>iPad Pro \u00e8 alimentato da una batteria da 38,5 wattora<\/strong> che garantisce fino a 10 ore di navigazione consecutiva in WiFi o di riproduzione di contenuti che, nel modello WiFi + Cellular scendono a 9 ore se si naviga tramite rete dati.\u00a0Il tablet sar\u00e0 in vendita da novembre in tre fasce di prezzo: 799 dollari per la versione da 32 GB, 949 dollari per quella da 128 GB e 1079 dollari per l&#8217;LTE da 128 GB mentre si aspettano i prezzi stabiliti per l&#8217;Europa.<\/p>\n<p><strong>Aggiornato in data 22\/09\/2015 con correzioni sui dati di confronto con le precedenti versioni, a seguito della segnalazione di alcuni lettori.<\/strong><\/p>\n","protected":false},"excerpt":{"rendered":"<p>Apple lo definisce \u201cSottile. Leggero. Immenso\u201d: \u00e8 l&#8217;iPad Pro, il tablet Apple di ultima generazione. Le performance sono da record: si parla di prestazioni di calcolo 22 volte pi\u00f9 veloci rispetto a iPad Air 2 e un&#8217;elaborazione grafica 360 volte pi\u00f9 rapida. Analizziamo allora da vicino l&#8217;iPad Pro. La scheda tecnica, il design e le [&hellip;]<\/p>\n","protected":false},"author":10,"featured_media":43696,"comment_status":"open","ping_status":"open","sticky":false,"template":"","format":"standard","meta":{"pmpro_default_level":"","footnotes":""},"categories":[376],"tags":[],"class_list":{"0":"post-43689","1":"post","2":"type-post","3":"status-publish","4":"format-standard","5":"has-post-thumbnail","7":"category-approfondimenti-mobile","8":"pmpro-has-access"},"aioseo_notices":[],"jetpack_featured_media_url":"https:\/\/alground.com\/site\/wp-content\/uploads\/2015\/09\/Ipad-Pro.-La-scheda.png","wps_subtitle":"","_links":{"self":[{"href":"https:\/\/alground.com\/site\/wp-json\/wp\/v2\/posts\/43689","targetHints":{"allow":["GET"]}}],"collection":[{"href":"https:\/\/alground.com\/site\/wp-json\/wp\/v2\/posts"}],"about":[{"href":"https:\/\/alground.com\/site\/wp-json\/wp\/v2\/types\/post"}],"author":[{"embeddable":true,"href":"https:\/\/alground.com\/site\/wp-json\/wp\/v2\/users\/10"}],"replies":[{"embeddable":true,"href":"https:\/\/alground.com\/site\/wp-json\/wp\/v2\/comments?post=43689"}],"version-history":[{"count":0,"href":"https:\/\/alground.com\/site\/wp-json\/wp\/v2\/posts\/43689\/revisions"}],"wp:featuredmedia":[{"embeddable":true,"href":"https:\/\/alground.com\/site\/wp-json\/wp\/v2\/media\/43696"}],"wp:attachment":[{"href":"https:\/\/alground.com\/site\/wp-json\/wp\/v2\/media?parent=43689"}],"wp:term":[{"taxonomy":"category","embeddable":true,"href":"https:\/\/alground.com\/site\/wp-json\/wp\/v2\/categories?post=43689"},{"taxonomy":"post_tag","embeddable":true,"href":"https:\/\/alground.com\/site\/wp-json\/wp\/v2\/tags?post=43689"}],"curies":[{"name":"wp","href":"https:\/\/api.w.org\/{rel}","templated":true}]}}