{"id":58130,"date":"2023-02-14T15:07:32","date_gmt":"2023-02-14T14:07:32","guid":{"rendered":"https:\/\/www.alground.com\/site\/?p=58130"},"modified":"2023-02-14T15:07:35","modified_gmt":"2023-02-14T14:07:35","slug":"chi-e-francesco-rocca-presidente-della-regione-lazio","status":"publish","type":"post","link":"https:\/\/alground.com\/site\/chi-e-francesco-rocca-presidente-della-regione-lazio\/58130\/","title":{"rendered":"Chi \u00e8 Francesco Rocca, Presidente della Regione Lazio"},"content":{"rendered":"<div id=\"ez-toc-container\" class=\"ez-toc-v2_0_82_2 counter-hierarchy ez-toc-counter ez-toc-grey ez-toc-container-direction\">\n<p class=\"ez-toc-title\" style=\"cursor:inherit\">Punti chiave<\/p>\n<label for=\"ez-toc-cssicon-toggle-item-69f7189c9c68d\" class=\"ez-toc-cssicon-toggle-label\"><span class=\"\"><span class=\"eztoc-hide\" style=\"display:none;\">Toggle<\/span><span class=\"ez-toc-icon-toggle-span\"><svg style=\"fill: #999;color:#999\" xmlns=\"http:\/\/www.w3.org\/2000\/svg\" class=\"list-377408\" width=\"20px\" height=\"20px\" viewBox=\"0 0 24 24\" fill=\"none\"><path d=\"M6 6H4v2h2V6zm14 0H8v2h12V6zM4 11h2v2H4v-2zm16 0H8v2h12v-2zM4 16h2v2H4v-2zm16 0H8v2h12v-2z\" fill=\"currentColor\"><\/path><\/svg><svg style=\"fill: #999;color:#999\" class=\"arrow-unsorted-368013\" xmlns=\"http:\/\/www.w3.org\/2000\/svg\" width=\"10px\" height=\"10px\" viewBox=\"0 0 24 24\" version=\"1.2\" baseProfile=\"tiny\"><path d=\"M18.2 9.3l-6.2-6.3-6.2 6.3c-.2.2-.3.4-.3.7s.1.5.3.7c.2.2.4.3.7.3h11c.3 0 .5-.1.7-.3.2-.2.3-.5.3-.7s-.1-.5-.3-.7zM5.8 14.7l6.2 6.3 6.2-6.3c.2-.2.3-.5.3-.7s-.1-.5-.3-.7c-.2-.2-.4-.3-.7-.3h-11c-.3 0-.5.1-.7.3-.2.2-.3.5-.3.7s.1.5.3.7z\"\/><\/svg><\/span><\/span><\/label><input type=\"checkbox\"  id=\"ez-toc-cssicon-toggle-item-69f7189c9c68d\"  aria-label=\"Toggle\" \/><nav><ul class='ez-toc-list ez-toc-list-level-1 ' ><li class='ez-toc-page-1 ez-toc-heading-level-2'><a class=\"ez-toc-link ez-toc-heading-1\" href=\"https:\/\/alground.com\/site\/chi-e-francesco-rocca-presidente-della-regione-lazio\/58130\/#Alla_guida_della_Croce_Rossa\" >Alla guida della Croce Rossa<\/a><\/li><li class='ez-toc-page-1 ez-toc-heading-level-2'><a class=\"ez-toc-link ez-toc-heading-2\" href=\"https:\/\/alground.com\/site\/chi-e-francesco-rocca-presidente-della-regione-lazio\/58130\/#Presidente_della_Regione_Lazio\" >Presidente della Regione Lazio<\/a><\/li><li class='ez-toc-page-1 ez-toc-heading-level-2'><a class=\"ez-toc-link ez-toc-heading-3\" href=\"https:\/\/alground.com\/site\/chi-e-francesco-rocca-presidente-della-regione-lazio\/58130\/#La_condanna_per_spaccio\" >La condanna per spaccio<\/a><\/li><\/ul><\/nav><\/div>\n\n<p id=\"inseribile\"><strong>Nato a Roma il 1\u00b0 settembre 1965<\/strong>, intraprende gli studi di giurisprudenza, che completa nel 1990. Tre anni pi\u00f9 tardi diventa ufficialmente avvocato, ed eserciter\u00e0 la professione forense fino al 2003.<\/p>\n\n\n\n<p id=\"inseribile\">In parallelo si avvicina al mondo del volontariato sin dall\u2019et\u00e0 adolescenziale, operando al&nbsp;<strong>Jesuit Refugee Service<\/strong>&nbsp;e in un centro di accoglienza della&nbsp;<strong>Caritas<\/strong>.&nbsp; Dal 1988 al 1991 assiste le persone con disabilit\u00e0 gravi alla&nbsp;<strong>Piccola Casa della Divina Provvidenza<\/strong>&nbsp;di Cottolengo.<\/p>\n\n\n\n<p>Nella seconda met\u00e0 degli anni Novanta si occupa di processi di mafia e per cinque anni vive sotto scorta. Nel frattempo, all&#8217;attivit\u00e0 di volontariato, affianca quella di manager sanitario con due istituti pubblici di assistenza e beneficenza (Ipab), il &#8220;Santa Maria in Aquiro&#8221; e l&#8217;Asilo della Patria.<\/p>\n\n\n\n<p>Inizia il suo impegno nel mondo della sanit\u00e0 come dirigente: dal 1996 al 2004 \u00e8 presidente e commissario dell&#8217;Istituto pubblico di assistenza e beneficenza (IPAB) &#8220;Santa Maria in Aquiro&#8221;, mentre dal 2001 al 2003 Presidente IPAB &#8220;Asilo della Patria&#8221;.<\/p>\n\n\n\n<p>Nel 2003 l&#8217;allora presidente della Lazio Francesco Storace nomina Rocca direttore generale dell&#8217;ospedale Sant&#8217;Andrea e commissario straordinario del Sant&#8217;Andrea. <\/p>\n\n\n\n<p>Parallelamente all&#8217;attivit\u00e0 di avvocato, ha continuato il suo impegno di volontariato attraverso la ONG etiope Hansenian&#8217;s Ethiopian Welfare Organization di cui, per un breve periodo, \u00e8 stato anche direttore generale a titolo gratuito, e con la Croce Rossa Italiana, aderendo a la componente dei donatori di sangue. Dalla seconda met\u00e0 del 2007 \u00e8 chiamato a ricoprire l&#8217;incarico di capo del Dipartimento per le operazioni di emergenza della Croce Rossa. Nel 2009, durante l&#8217;Assemblea Generale in Kenya, \u00e8 stato eletto membro del Consiglio di Amministrazione della Federazione Internazionale delle Societ\u00e0 di Croce Rossa e Mezzaluna Rossa. <\/p>\n\n\n\n<h2 class=\"wp-block-heading\"><span class=\"ez-toc-section\" id=\"Alla_guida_della_Croce_Rossa\"><\/span>Alla guida della Croce Rossa<span class=\"ez-toc-section-end\"><\/span><\/h2>\n\n\n\n<p>Rocca \u00e8 entrato in Croce Rossa Italiana nel giugno 2007, divenendo commissario straordinario nel novembre 2008. Nel frattempo, una piccola parentesi nel comune di Roma, durante la giunta di Gianni Alemanno, come capo dell&#8217;Assessorato alla Sanit\u00e0 e alle Attivit\u00e0 Sociali. <\/p>\n\n\n\n<p>Nel gennaio 2013 ha assunto la carica di presidente nazionale della Croce Rossa. Sempre nel 2013, durante l&#8217;assemblea generale di Sydney, Rocca \u00e8 stato eletto vicepresidente della Federazione Internazionale delle Societ\u00e0 di Croce Rossa e Mezzaluna Rossa. La carica di presidente \u00e8 stata rinnovata per la prima volta nel maggio 2016, la seconda volta nel maggio 2020. <\/p>\n\n\n\n<h2 class=\"wp-block-heading\"><span class=\"ez-toc-section\" id=\"Presidente_della_Regione_Lazio\"><\/span>Presidente della Regione Lazio<span class=\"ez-toc-section-end\"><\/span><\/h2>\n\n\n\n<p>A fine 2022, in prossimit\u00e0 delle elezioni regionali del febbraio 2023 , il presidente del Consiglio Giorgia Meloni propone il nome di Rocca come candidato ufficiale della coalizione di centrodestra alla carica di presidente. Accettando la candidatura, Rocca lascia la guida della Croce Rossa il 29 dicembre 2022.<\/p>\n\n\n\n<p>\u201c<em>Ho deciso di presentare le mie dimissioni dalla carica di Presidente nazionale della Croce Rossa Italiana perch\u00e9 ho scelto di mettermi a disposizione del territorio<\/em>\u00a0&#8211; ha scritto Rocca in una lettera pubblicata sul sito della Cri -.\u00a0<em>Come esperto di sanit\u00e0 pubblica, penso di poter portare un valore aggiunto: ho accettato una nuova sfida in cui credo fortemente<\/em>\u201d.<\/p>\n\n\n\n<p>Nella tornata elettorale Rocca \u00e8 stato eletto governatore con il 54% dei voti. <\/p>\n\n\n\n<h2 class=\"wp-block-heading\"><span class=\"ez-toc-section\" id=\"La_condanna_per_spaccio\"><\/span>La condanna per spaccio<span class=\"ez-toc-section-end\"><\/span><\/h2>\n\n\n\n<p>Sul passato di Rocca c&#8217;\u00e8 anche un&#8217;ombra che spesso ha allontanato la sua candidatura. E&#8217; una condanna per spaccio di stupefacenti, per fatti risalenti a quando aveva 19 anni e fu arrestato dai carabinieri. Condannato a tre anni e due mesi di reclusione e 7 milioni di euro di multa, l&#8217;anno dopo ebbe due mesi di sconto dalla Corte d&#8217;appello. &#8220;Bisogna imparare dagli errori e migliorarsi ogni giorno che passa. L&#8217;umanit\u00e0 \u00e8 fragile e ogni individuo pu\u00f2 sbagliare&#8221;, ha sostenuto lo stesso Rocca nel momento in cui prese la guida della Croce Rossa Internazionale, parlando di quella condanna per spaccio.<\/p>\n","protected":false},"excerpt":{"rendered":"<p>Nato a Roma il 1\u00b0 settembre 1965, intraprende gli studi di giurisprudenza, che completa nel 1990. Tre anni pi\u00f9 tardi diventa ufficialmente avvocato, ed eserciter\u00e0 la professione forense fino al 2003. In parallelo si avvicina al mondo del volontariato sin dall\u2019et\u00e0 adolescenziale, operando al&nbsp;Jesuit Refugee Service&nbsp;e in un centro di accoglienza della&nbsp;Caritas.&nbsp; Dal 1988 al [&hellip;]<\/p>\n","protected":false},"author":15,"featured_media":58133,"comment_status":"closed","ping_status":"closed","sticky":false,"template":"","format":"standard","meta":{"pmpro_default_level":"","footnotes":""},"categories":[1413],"tags":[2144,2143,2142],"class_list":{"0":"post-58130","1":"post","2":"type-post","3":"status-publish","4":"format-standard","5":"has-post-thumbnail","7":"category-attualita","8":"tag-biografie","9":"tag-lazio","10":"tag-poliica","11":"pmpro-has-access"},"aioseo_notices":[],"jetpack_featured_media_url":"https:\/\/alground.com\/site\/wp-content\/uploads\/2023\/02\/francesco-rocca.jpg","wps_subtitle":"","_links":{"self":[{"href":"https:\/\/alground.com\/site\/wp-json\/wp\/v2\/posts\/58130","targetHints":{"allow":["GET"]}}],"collection":[{"href":"https:\/\/alground.com\/site\/wp-json\/wp\/v2\/posts"}],"about":[{"href":"https:\/\/alground.com\/site\/wp-json\/wp\/v2\/types\/post"}],"author":[{"embeddable":true,"href":"https:\/\/alground.com\/site\/wp-json\/wp\/v2\/users\/15"}],"replies":[{"embeddable":true,"href":"https:\/\/alground.com\/site\/wp-json\/wp\/v2\/comments?post=58130"}],"version-history":[{"count":0,"href":"https:\/\/alground.com\/site\/wp-json\/wp\/v2\/posts\/58130\/revisions"}],"wp:featuredmedia":[{"embeddable":true,"href":"https:\/\/alground.com\/site\/wp-json\/wp\/v2\/media\/58133"}],"wp:attachment":[{"href":"https:\/\/alground.com\/site\/wp-json\/wp\/v2\/media?parent=58130"}],"wp:term":[{"taxonomy":"category","embeddable":true,"href":"https:\/\/alground.com\/site\/wp-json\/wp\/v2\/categories?post=58130"},{"taxonomy":"post_tag","embeddable":true,"href":"https:\/\/alground.com\/site\/wp-json\/wp\/v2\/tags?post=58130"}],"curies":[{"name":"wp","href":"https:\/\/api.w.org\/{rel}","templated":true}]}}