{"id":58426,"date":"2023-04-25T16:58:41","date_gmt":"2023-04-25T15:58:41","guid":{"rendered":"https:\/\/www.alground.com\/site\/?p=58426"},"modified":"2023-04-25T16:58:44","modified_gmt":"2023-04-25T15:58:44","slug":"biden-si-ricandida-e-dice-guardatemi-non-sono-vecchio","status":"publish","type":"post","link":"https:\/\/alground.com\/site\/biden-si-ricandida-e-dice-guardatemi-non-sono-vecchio\/58426\/","title":{"rendered":"Biden si ricandida e dice: guardatemi non sono vecchio"},"content":{"rendered":"\n<p><strong>Il presidente degli Stati Uniti Joe Biden ha annunciato che si candider\u00e0 per la rielezione nel 2024, ponendo le basi per una potenziale rivincita con Donald Trump.<\/strong><\/p>\n\n\n\n<p>Ci si aspettava che Biden cercasse un secondo mandato quadriennale e marted\u00ec ha lanciato la sua campagna in un video.<\/p>\n\n\n\n<p><strong>Ha detto che \u00e8 stato un momento cruciale con libert\u00e0 e diritti minacciati<\/strong>.\u00a0&#8220;Questo non \u00e8 il momento di essere compiacenti&#8221;, ha detto.\u00a0&#8220;Ecco perch\u00e9 mi sto candidando&#8221;.<\/p>\n\n\n\n<p>Il vicepresidente <strong>Kamala Harris, 58 anni,<\/strong> sar\u00e0 ancora una volta il suo compagno di corsa.<\/p>\n\n\n\n<p>Biden, 80 anni, \u00e8 gi\u00e0 il presidente pi\u00f9 anziano nella storia degli Stati Uniti ed \u00e8 probabile che dovr\u00e0 affrontare domande sulla sua et\u00e0 durante la campagna elettorale.\u00a0Compir\u00e0 86 anni alla fine del secondo mandato completo nel 2029.<\/p>\n\n\n\n<p>&#8220;<em>\u00c8 legittimo che le persone sollevino questioni sulla mia et\u00e0<\/em>&#8220;, ha detto all&#8217;inizio di quest&#8217;anno.\u00a0&#8220;<strong><em>E l&#8217;unica cosa che posso dire \u00e8, guardami<\/em><\/strong>.&#8221;<\/p>\n\n\n\n<p>Biden ha affrontato Trump nel 2020, sconfiggendo il repubblicano dopo aver promesso di &#8220;ripristinare l&#8217;anima degli Stati Uniti&#8221;.<\/p>\n\n\n\n<p>&#8220;Quando mi sono candidato alla presidenza quattro anni fa, ho detto che eravamo in una guerra per l&#8217;anima dell&#8217;America &#8211; e lo siamo ancora&#8221;, ha detto Biden nel video di annuncio di tre minuti, che mostra il presidente che incontra molti cittadini americani.<\/p>\n\n\n\n<p><strong>Presenta anche immagini dell&#8217;attacco del 2021 al Campidoglio degli Stati Uniti<\/strong>, quando i sostenitori di Trump hanno fatto irruzione nell&#8217;edificio nel tentativo di ribaltare la sua perdita a favore di Biden.<\/p>\n\n\n\n<p><strong>Trump ha gi\u00e0 lanciato la sua candidatura alla presidenza<\/strong>, aumentando la prospettiva che entrambi gli uomini si affronteranno di nuovo il 5 novembre 2024. Sono considerati i favoriti per vincere le loro nomination, anche se il signor Trump deve affrontare la concorrenza di artisti del calibro del governatore della Florida Ron DeSantis.<\/p>\n\n\n\n<p>Al momento Biden non ha grandi sfidanti per la nomination democratica, il che significa che un percorso agevole verso la candidatura \u00e8 quasi certo.<\/p>\n\n\n\n<p>Ma recenti sondaggi suggeriscono che <strong>la sua decisione di candidarsi crea divisioni sia all&#8217;interno del partito che a livello nazionale<\/strong>. Un sondaggio ha rilevato che il 70% degli americani e poco pi\u00f9 della met\u00e0 dei democratici ritiene che non dovrebbe candidarsi di nuovo.<\/p>\n\n\n\n<p>La maggior parte delle persone che hanno affermato che Biden non dovrebbe candidarsi ha citato la sua et\u00e0 come motivo di preoccupazione. Il 48% ha affermato che si trattava di una &#8220;grande preoccupazione&#8221;.<\/p>\n\n\n\n<p>Ha anche una serie di risultati legislativi da promuovere durante la campagna elettorale, tra cui un disegno di legge per le infrastrutture da 1,2 trilioni di dollari e la raccolta del sostegno occidentale all&#8217;Ucraina dopo l&#8217;invasione della Russia.<\/p>\n\n\n\n<p>Attualmente ci sono altri due candidati annunciati per la nomination democratica: l&#8217;autrice di bestseller di auto-aiuto Marianne Williamson e l&#8217;attivista anti-vaccino Robert Kennedy Jr.<\/p>\n","protected":false},"excerpt":{"rendered":"<p>Il presidente degli Stati Uniti Joe Biden ha annunciato che si candider\u00e0 per la rielezione nel 2024, ponendo le basi per una potenziale rivincita con Donald Trump. Ci si aspettava che Biden cercasse un secondo mandato quadriennale e marted\u00ec ha lanciato la sua campagna in un video. Ha detto che \u00e8 stato un momento cruciale [&hellip;]<\/p>\n","protected":false},"author":11,"featured_media":58427,"comment_status":"closed","ping_status":"closed","sticky":false,"template":"","format":"standard","meta":{"pmpro_default_level":"","footnotes":""},"categories":[1413,2097],"tags":[2133],"class_list":{"0":"post-58426","1":"post","2":"type-post","3":"status-publish","4":"format-standard","5":"has-post-thumbnail","7":"category-attualita","8":"category-geopolitica","9":"tag-stati-uniti","10":"pmpro-has-access"},"aioseo_notices":[],"jetpack_featured_media_url":"https:\/\/alground.com\/site\/wp-content\/uploads\/2023\/04\/joe-biden.jpg","wps_subtitle":"","_links":{"self":[{"href":"https:\/\/alground.com\/site\/wp-json\/wp\/v2\/posts\/58426","targetHints":{"allow":["GET"]}}],"collection":[{"href":"https:\/\/alground.com\/site\/wp-json\/wp\/v2\/posts"}],"about":[{"href":"https:\/\/alground.com\/site\/wp-json\/wp\/v2\/types\/post"}],"author":[{"embeddable":true,"href":"https:\/\/alground.com\/site\/wp-json\/wp\/v2\/users\/11"}],"replies":[{"embeddable":true,"href":"https:\/\/alground.com\/site\/wp-json\/wp\/v2\/comments?post=58426"}],"version-history":[{"count":0,"href":"https:\/\/alground.com\/site\/wp-json\/wp\/v2\/posts\/58426\/revisions"}],"wp:featuredmedia":[{"embeddable":true,"href":"https:\/\/alground.com\/site\/wp-json\/wp\/v2\/media\/58427"}],"wp:attachment":[{"href":"https:\/\/alground.com\/site\/wp-json\/wp\/v2\/media?parent=58426"}],"wp:term":[{"taxonomy":"category","embeddable":true,"href":"https:\/\/alground.com\/site\/wp-json\/wp\/v2\/categories?post=58426"},{"taxonomy":"post_tag","embeddable":true,"href":"https:\/\/alground.com\/site\/wp-json\/wp\/v2\/tags?post=58426"}],"curies":[{"name":"wp","href":"https:\/\/api.w.org\/{rel}","templated":true}]}}