{"id":58471,"date":"2023-06-04T16:49:15","date_gmt":"2023-06-04T15:49:15","guid":{"rendered":"https:\/\/www.alground.com\/site\/?p=58471"},"modified":"2023-06-04T16:49:19","modified_gmt":"2023-06-04T15:49:19","slug":"ungheria-video-sulla-pace-con-la-crimea-in-territorio-ucraino","status":"publish","type":"post","link":"https:\/\/alground.com\/site\/ungheria-video-sulla-pace-con-la-crimea-in-territorio-ucraino\/58471\/","title":{"rendered":"Ungheria. Video sulla pace con la Crimea in territorio ucraino"},"content":{"rendered":"\n<p>Il governo ungherese ha pubblicato un video per promuovere una soluzione pacifica in Ucraina,<strong> ma ha suscitato polemiche perch\u00e9 la mappa mostrava la Crimea come parte dell&#8217;Ucraina<\/strong>. In precedenza, il governo ungherese aveva pubblicato un video simile, ma con la Crimea al di fuori del territorio ucraino. Il ministero degli Esteri ucraino aveva chiesto che l&#8217;Ungheria modificasse la mappa.<\/p>\n\n\n\n<p><strong>Nella nuova versione del video<\/strong>, pubblicata sulla pagina del governo ungherese su Facebook, la Crimea \u00e8 stata segnata in rosso come parte del territorio ucraino. <\/p>\n\n\n\n<p>Questa azione del governo ungherese ha suscitato dibattiti e polemiche, poich\u00e9 la Crimea \u00e8 stata annessa dalla Russia nel 2014, ma l&#8217;Ucraina e la maggior parte della comunit\u00e0 internazionale considerano ancora la Crimea come parte del territorio ucraino.<\/p>\n\n\n\n<p><strong>La questione della Crimea \u00e8 un tema molto delicato e controverso<\/strong>, e l&#8217;inclusione della Crimea nella mappa del video da parte del governo ungherese potrebbe avere conseguenze politiche e diplomatiche significative. L&#8217;Ucraina e molti altri paesi considerano l&#8217;annessione della Crimea da parte della Russia come una violazione del diritto internazionale e non riconoscono l&#8217;annessione come legittima.<\/p>\n\n\n\n<p>Questo gesto dell&#8217;Ungheria potrebbe avere implicazioni per le relazioni tra l&#8217;Ucraina e l&#8217;Ungheria, nonch\u00e9 per le dinamiche geopolitiche pi\u00f9 ampie nella regione.<\/p>\n","protected":false},"excerpt":{"rendered":"<p>Il governo ungherese ha pubblicato un video per promuovere una soluzione pacifica in Ucraina, ma ha suscitato polemiche perch\u00e9 la mappa mostrava la Crimea come parte dell&#8217;Ucraina. In precedenza, il governo ungherese aveva pubblicato un video simile, ma con la Crimea al di fuori del territorio ucraino. Il ministero degli Esteri ucraino aveva chiesto che [&hellip;]<\/p>\n","protected":false},"author":16,"featured_media":58472,"comment_status":"closed","ping_status":"closed","sticky":false,"template":"","format":"standard","meta":{"pmpro_default_level":"","footnotes":""},"categories":[1413],"tags":[],"class_list":{"0":"post-58471","1":"post","2":"type-post","3":"status-publish","4":"format-standard","5":"has-post-thumbnail","7":"category-attualita","8":"pmpro-has-access"},"aioseo_notices":[],"jetpack_featured_media_url":"https:\/\/alground.com\/site\/wp-content\/uploads\/2023\/06\/crimea.jpg","wps_subtitle":"","_links":{"self":[{"href":"https:\/\/alground.com\/site\/wp-json\/wp\/v2\/posts\/58471","targetHints":{"allow":["GET"]}}],"collection":[{"href":"https:\/\/alground.com\/site\/wp-json\/wp\/v2\/posts"}],"about":[{"href":"https:\/\/alground.com\/site\/wp-json\/wp\/v2\/types\/post"}],"author":[{"embeddable":true,"href":"https:\/\/alground.com\/site\/wp-json\/wp\/v2\/users\/16"}],"replies":[{"embeddable":true,"href":"https:\/\/alground.com\/site\/wp-json\/wp\/v2\/comments?post=58471"}],"version-history":[{"count":0,"href":"https:\/\/alground.com\/site\/wp-json\/wp\/v2\/posts\/58471\/revisions"}],"wp:featuredmedia":[{"embeddable":true,"href":"https:\/\/alground.com\/site\/wp-json\/wp\/v2\/media\/58472"}],"wp:attachment":[{"href":"https:\/\/alground.com\/site\/wp-json\/wp\/v2\/media?parent=58471"}],"wp:term":[{"taxonomy":"category","embeddable":true,"href":"https:\/\/alground.com\/site\/wp-json\/wp\/v2\/categories?post=58471"},{"taxonomy":"post_tag","embeddable":true,"href":"https:\/\/alground.com\/site\/wp-json\/wp\/v2\/tags?post=58471"}],"curies":[{"name":"wp","href":"https:\/\/api.w.org\/{rel}","templated":true}]}}