{"id":58564,"date":"2023-06-29T13:29:13","date_gmt":"2023-06-29T12:29:13","guid":{"rendered":"https:\/\/www.alground.com\/site\/?p=58564"},"modified":"2023-06-29T13:29:19","modified_gmt":"2023-06-29T12:29:19","slug":"bruciato-il-corano-per-la-svezia-e-liberta-di-parola","status":"publish","type":"post","link":"https:\/\/alground.com\/site\/bruciato-il-corano-per-la-svezia-e-liberta-di-parola\/58564\/","title":{"rendered":"Bruciato il Corano. Per la Svezia \u00e8 libert\u00e0 di parola"},"content":{"rendered":"\n<p>E&#8217; episodio che ha fatto scalpore a livello internazionale, <strong>la polizia svedese ha concesso il permesso a due manifestanti di organizzare una protesta all&#8217;esterno della moschea centrale di Stoccolma durante la celebrazione dell&#8217;Eid al-Adha<\/strong>, una festa musulmana di grande importanza. <strong>Uno degli uomini ha strappato e bruciato una copia del Corano<\/strong>, azione per la quale \u00e8 stato successivamente accusato dalla polizia di incitamento contro un gruppo etnico o nazionale. <\/p>\n\n\n\n<p>Circa 200 persone hanno assistito all&#8217;atto di uno dei manifestanti che <strong>strappava le pagine del Corano, le puliva con le scarpe, metteva del bacon al suo interno e poi dava fuoco al libro sacro<\/strong>, mentre l&#8217;altro parlava in un megafono. Alcuni degli astanti hanno urlato &#8220;Dio \u00e8 grande&#8221; in arabo in segno di protesta, e un uomo \u00e8 stato trattenuto dalla polizia dopo aver tentato di lanciare una pietra.<\/p>\n\n\n\n<p>La protesta \u00e8 avvenuta in un momento delicato per la Svezia, che sta cercando di aderire alla NATO, un processo che ha bisogno del sostegno della Turchia.<strong> Tuttavia, la Turchia aveva precedentemente sospeso i colloqui con la Svezia sulla sua domanda di adesione alla NATO<\/strong> dopo che un politico di estrema destra danese aveva bruciato una copia del Corano vicino all&#8217;ambasciata turca a Stoccolma. Il Ministro degli Esteri turco, Hakan Fidan, ha condannato l&#8217;atto, affermando che era inaccettabile permettere proteste anti-islamiche in nome della libert\u00e0 di espressione.<\/p>\n\n\n\n<p><strong>Anche il Vice Portavoce del Dipartimento di Stato degli Stati Uniti, Vedant Patel<\/strong>, ha dichiarato in un briefing quotidiano che la distruzione di testi religiosi \u00e8 &#8220;irrispettosa e offensiva&#8221;, aggiungendo che ci\u00f2 che potrebbe essere legale non \u00e8 necessariamente appropriato. Tuttavia, ha continuato ad esortare la Turchia e l&#8217;Ungheria a ratificare il protocollo di adesione della Svezia alla NATO senza indugi.<\/p>\n\n\n\n<p><strong>Il Primo Ministro svedese, Ulf Kristersson ha affermato che &#8220;\u00e8 legale ma non appropriato&#8221;<\/strong>, e che spetta alla polizia prendere decisioni riguardanti le manifestazioni contro il Corano. I rappresentanti della moschea si sono detti delusi dalla decisione della polizia di concedere il permesso per la protesta durante l&#8217;Eid al-Adha.<\/p>\n\n\n\n<p><strong>La decisione della polizia svedese di consentire la manifestazione, sebbene legale, \u00e8 stata criticata sia a livello nazionale che internazionale<\/strong>. Le autorit\u00e0 turche, in particolare, hanno condannato la decisione come un atto oltraggioso. La Turchia, membro della NATO, aveva precedentemente ostacolato l&#8217;adesione della Svezia all&#8217;alleanza, accusando la Svezia di ospitare persone che considera terroristi e richiedendone l&#8217;estradizione. <\/p>\n\n\n\n<p>I rappresentanti della moschea erano delusi dalla decisione della polizia di concedere il permesso per la protesta durante l&#8217;Eid al-Adha. Fino a 10.000 visitatori partecipano alle celebrazioni dell&#8217;Eid nella moschea di Stoccolma ogni anno.<\/p>\n\n\n\n<p><strong>Questo evento ha sollevato preoccupazioni sulla tensione tra la libert\u00e0<\/strong> di espressione e il rispetto delle comunit\u00e0 religiose, mettendo inoltre in discussione le relazioni internazionali della Svezia nel contesto del suo tentativo di aderire alla NATO.<\/p>\n","protected":false},"excerpt":{"rendered":"<p>E&#8217; episodio che ha fatto scalpore a livello internazionale, la polizia svedese ha concesso il permesso a due manifestanti di organizzare una protesta all&#8217;esterno della moschea centrale di Stoccolma durante la celebrazione dell&#8217;Eid al-Adha, una festa musulmana di grande importanza. Uno degli uomini ha strappato e bruciato una copia del Corano, azione per la quale [&hellip;]<\/p>\n","protected":false},"author":15,"featured_media":58566,"comment_status":"closed","ping_status":"closed","sticky":false,"template":"","format":"standard","meta":{"pmpro_default_level":"","footnotes":""},"categories":[1413],"tags":[],"class_list":{"0":"post-58564","1":"post","2":"type-post","3":"status-publish","4":"format-standard","5":"has-post-thumbnail","7":"category-attualita","8":"pmpro-has-access"},"aioseo_notices":[],"jetpack_featured_media_url":"https:\/\/alground.com\/site\/wp-content\/uploads\/2023\/06\/corano-svezia.jpg","wps_subtitle":"","_links":{"self":[{"href":"https:\/\/alground.com\/site\/wp-json\/wp\/v2\/posts\/58564","targetHints":{"allow":["GET"]}}],"collection":[{"href":"https:\/\/alground.com\/site\/wp-json\/wp\/v2\/posts"}],"about":[{"href":"https:\/\/alground.com\/site\/wp-json\/wp\/v2\/types\/post"}],"author":[{"embeddable":true,"href":"https:\/\/alground.com\/site\/wp-json\/wp\/v2\/users\/15"}],"replies":[{"embeddable":true,"href":"https:\/\/alground.com\/site\/wp-json\/wp\/v2\/comments?post=58564"}],"version-history":[{"count":0,"href":"https:\/\/alground.com\/site\/wp-json\/wp\/v2\/posts\/58564\/revisions"}],"wp:featuredmedia":[{"embeddable":true,"href":"https:\/\/alground.com\/site\/wp-json\/wp\/v2\/media\/58566"}],"wp:attachment":[{"href":"https:\/\/alground.com\/site\/wp-json\/wp\/v2\/media?parent=58564"}],"wp:term":[{"taxonomy":"category","embeddable":true,"href":"https:\/\/alground.com\/site\/wp-json\/wp\/v2\/categories?post=58564"},{"taxonomy":"post_tag","embeddable":true,"href":"https:\/\/alground.com\/site\/wp-json\/wp\/v2\/tags?post=58564"}],"curies":[{"name":"wp","href":"https:\/\/api.w.org\/{rel}","templated":true}]}}