{"id":59186,"date":"2025-03-31T16:23:56","date_gmt":"2025-03-31T15:23:56","guid":{"rendered":"https:\/\/www.alground.com\/site\/?p=59186"},"modified":"2025-03-31T16:26:03","modified_gmt":"2025-03-31T15:26:03","slug":"marine-le-pen-esclusa-dalla-corsa-presidenziale-terremoto-politico-in-francia","status":"publish","type":"post","link":"https:\/\/alground.com\/site\/marine-le-pen-esclusa-dalla-corsa-presidenziale-terremoto-politico-in-francia\/59186\/","title":{"rendered":"Marine Le Pen esclusa dalla corsa presidenziale: terremoto politico in Francia"},"content":{"rendered":"<div id=\"ez-toc-container\" class=\"ez-toc-v2_0_82_2 counter-hierarchy ez-toc-counter ez-toc-grey ez-toc-container-direction\">\n<p class=\"ez-toc-title\" style=\"cursor:inherit\">Punti chiave<\/p>\n<label for=\"ez-toc-cssicon-toggle-item-69f776c188d8a\" class=\"ez-toc-cssicon-toggle-label\"><span class=\"\"><span class=\"eztoc-hide\" style=\"display:none;\">Toggle<\/span><span class=\"ez-toc-icon-toggle-span\"><svg style=\"fill: #999;color:#999\" xmlns=\"http:\/\/www.w3.org\/2000\/svg\" class=\"list-377408\" width=\"20px\" height=\"20px\" viewBox=\"0 0 24 24\" fill=\"none\"><path d=\"M6 6H4v2h2V6zm14 0H8v2h12V6zM4 11h2v2H4v-2zm16 0H8v2h12v-2zM4 16h2v2H4v-2zm16 0H8v2h12v-2z\" fill=\"currentColor\"><\/path><\/svg><svg style=\"fill: #999;color:#999\" class=\"arrow-unsorted-368013\" xmlns=\"http:\/\/www.w3.org\/2000\/svg\" width=\"10px\" height=\"10px\" viewBox=\"0 0 24 24\" version=\"1.2\" baseProfile=\"tiny\"><path d=\"M18.2 9.3l-6.2-6.3-6.2 6.3c-.2.2-.3.4-.3.7s.1.5.3.7c.2.2.4.3.7.3h11c.3 0 .5-.1.7-.3.2-.2.3-.5.3-.7s-.1-.5-.3-.7zM5.8 14.7l6.2 6.3 6.2-6.3c.2-.2.3-.5.3-.7s-.1-.5-.3-.7c-.2-.2-.4-.3-.7-.3h-11c-.3 0-.5.1-.7.3-.2.2-.3.5-.3.7s.1.5.3.7z\"\/><\/svg><\/span><\/span><\/label><input type=\"checkbox\"  id=\"ez-toc-cssicon-toggle-item-69f776c188d8a\"  aria-label=\"Toggle\" \/><nav><ul class='ez-toc-list ez-toc-list-level-1 ' ><li class='ez-toc-page-1 ez-toc-heading-level-2'><a class=\"ez-toc-link ez-toc-heading-1\" href=\"https:\/\/alground.com\/site\/marine-le-pen-esclusa-dalla-corsa-presidenziale-terremoto-politico-in-francia\/59186\/#Un_colpo_al_cuore_del_Rassemblement_National\" >Un colpo al cuore del Rassemblement National<\/a><\/li><li class='ez-toc-page-1 ez-toc-heading-level-2'><a class=\"ez-toc-link ez-toc-heading-2\" href=\"https:\/\/alground.com\/site\/marine-le-pen-esclusa-dalla-corsa-presidenziale-terremoto-politico-in-francia\/59186\/#Il_caso_4_milioni_di_euro_contestati\" >Il caso: 4 milioni di euro contestati<\/a><\/li><li class='ez-toc-page-1 ez-toc-heading-level-2'><a class=\"ez-toc-link ez-toc-heading-3\" href=\"https:\/\/alground.com\/site\/marine-le-pen-esclusa-dalla-corsa-presidenziale-terremoto-politico-in-francia\/59186\/#Bardella_in_prima_linea_ma_reggera\" >Bardella in prima linea, ma regger\u00e0?<\/a><\/li><li class='ez-toc-page-1 ez-toc-heading-level-2'><a class=\"ez-toc-link ez-toc-heading-4\" href=\"https:\/\/alground.com\/site\/marine-le-pen-esclusa-dalla-corsa-presidenziale-terremoto-politico-in-francia\/59186\/#La_reazione_degli_avversari\" >La reazione degli avversari<\/a><\/li><\/ul><\/nav><\/div>\n\n<p>Marine Le Pen, volto storico e simbolo dell&#8217;estrema destra francese, \u00e8 stata esclusa dalla corsa alle cariche pubbliche per i prossimi cinque anni. La decisione \u00e8 arrivata da un tribunale francese, che ha condannato la leader del Rassemblement National (RN) per appropriazione indebita di fondi dell&#8217;Unione Europea. Una sentenza che ha provocato uno shock politico a pochi anni dalle elezioni presidenziali del 2027, per cui Le Pen era considerata tra i favoriti.<\/p>\n\n\n\n<p>Il tribunale ha inflitto alla 56enne una pena di quattro anni di reclusione, di cui due sospesi e due da scontare agli arresti domiciliari, oltre a una multa di 100.000 euro. Ma \u00e8 la misura accessoria a fare pi\u00f9 rumore: l&#8217;interdizione immediata per cinque anni da qualsiasi candidatura pubblica, una decisione resa esecutiva tramite una &#8220;esecuzione provvisoria&#8221; richiesta dai procuratori. In termini concreti, a meno che Le Pen non riesca a ribaltare la sentenza in appello, il suo nome non sar\u00e0 sulla scheda elettorale nel 2027.<\/p>\n\n\n\n<h2 class=\"wp-block-heading\"><span class=\"ez-toc-section\" id=\"Un_colpo_al_cuore_del_Rassemblement_National\"><\/span>Un colpo al cuore del Rassemblement National<span class=\"ez-toc-section-end\"><\/span><\/h2>\n\n\n\n<p>Il verdetto rappresenta un colpo durissimo per il RN, oggi primo partito all\u2019Assemblea Nazionale e protagonista di una costante ascesa nei consensi. Jordan Bardella, presidente del partito e braccio destro di Le Pen, ha commentato con toni accesi: \u201cOggi non \u00e8 stata solo Marine Le Pen a essere stata ingiustamente condannata: \u00e8 stata uccisa la democrazia francese\u201d. Parole che rispecchiano l\u2019indignazione del fronte lepenista, che denuncia da tempo una \u201cgiustizia politicizzata\u201d.<\/p>\n\n\n\n<p>A replicare, per\u00f2, c\u2019\u00e8 chi difende l\u2019operato della magistratura. Il deputato centrista Sacha Houlie ha scritto su X: \u201cA che punto pensiamo che un giudice non applicher\u00e0 la legge? La societ\u00e0 \u00e8 cos\u00ec malata da sentirsi offesa da ci\u00f2 che non \u00e8 n\u00e9 pi\u00f9 n\u00e9 meno che lo stato di diritto?\u201d<\/p>\n\n\n\n<p>La frattura \u00e8 evidente: tra chi grida al complotto giudiziario e chi rivendica la neutralit\u00e0 della giustizia. Le Pen, nel frattempo, ha lasciato l\u2019aula prima che la giudice Benedicte de Perthuis leggesse la sentenza, senza rilasciare commenti. La sua presenza era attesa in serata in un\u2019intervista a TF1.<\/p>\n\n\n\n<h2 class=\"wp-block-heading\"><span class=\"ez-toc-section\" id=\"Il_caso_4_milioni_di_euro_contestati\"><\/span>Il caso: 4 milioni di euro contestati<span class=\"ez-toc-section-end\"><\/span><\/h2>\n\n\n\n<p>Le accuse che hanno portato alla condanna si riferiscono all\u2019uso improprio di fondi europei. Secondo il tribunale, Le Pen e altri membri del RN avrebbero dirottato oltre 4 milioni di euro destinati agli assistenti parlamentari per finanziare le attivit\u00e0 del partito. Non \u00e8 stato dimostrato che abbiano intascato direttamente i fondi, ma \u00e8 stato accertato l\u2019uso illecito a fini politici.<\/p>\n\n\n\n<p>Il giudice ha parlato di un \u201csistema\u201d organizzato per ridurre i costi del partito e ha collocato Le Pen \u201cal centro\u201d del piano. Il RN \u00e8 stato multato per 2 milioni di euro, di cui la met\u00e0 sospesa.<\/p>\n\n\n\n<p>I difensori di Le Pen sostengono invece che si tratti di una definizione troppo rigida del ruolo degli assistenti parlamentari e insistono sulla legittimit\u00e0 delle spese sostenute. L\u2019appello \u00e8 gi\u00e0 stato annunciato, ma il divieto di candidatura scatta subito: \u00e8 questa la vera mina politica.<\/p>\n\n\n\n<p>Per la leader dell\u2019estrema destra, il 2027 avrebbe dovuto rappresentare la quarta \u2013 e dichiaratamente ultima \u2013 candidatura all\u2019Eliseo. Dopo tre tentativi falliti, l\u2019ultima nel 2022 contro Emmanuel Macron, Le Pen sembrava pronta a un\u2019ultima sfida con il favore dei sondaggi.<\/p>\n\n\n\n<p>Ora, tutto \u00e8 in bilico. Gli appelli in Francia possono richiedere mesi, a volte anni. Il tempo stringe. Il rischio per Le Pen \u00e8 che il suo percorso politico finisca fuori dalla contesa pi\u00f9 importante proprio nel momento di maggiore popolarit\u00e0.<\/p>\n\n\n\n<p>Secondo l\u2019analista Arnaud Benedetti, autore di un libro sul RN, \u201cquesta \u00e8 una scossa sismica nella politica francese. Inevitabilmente, rimescoler\u00e0 il mazzo, in particolare a destra\u201d.<\/p>\n\n\n\n<h2 class=\"wp-block-heading\"><span class=\"ez-toc-section\" id=\"Bardella_in_prima_linea_ma_reggera\"><\/span>Bardella in prima linea, ma regger\u00e0?<span class=\"ez-toc-section-end\"><\/span><\/h2>\n\n\n\n<p>L\u2019eredit\u00e0 politica di Le Pen rischia ora di passare nelle mani di Jordan Bardella, 28 anni, volto giovane ma gi\u00e0 centrale nel partito. Sar\u00e0 lui, salvo sorprese, il candidato del RN alle presidenziali. Bardella ha saputo costruirsi un\u2019immagine pi\u00f9 moderata e vicina ai giovani, ma resta da vedere se riuscir\u00e0 a conquistare anche l\u2019elettorato pi\u00f9 ampio necessario per vincere.<\/p>\n\n\n\n<p>La condanna di Le Pen rischia di trasformare la campagna elettorale in un campo minato, ma potrebbe anche rafforzare il senso di accerchiamento tra i sostenitori del RN. Matteo Salvini, leader della Lega e vicepremier italiano, ha inviato il suo sostegno: \u201cNon ci faremo intimidire, non ci fermeremo: avanti a tutto vapore, amico mio!\u201d. Dall\u2019Ungheria, Viktor Orb\u00e1n ha postato un chiaro messaggio: \u201cJe suis Marine!\u201d<\/p>\n\n\n\n<h2 class=\"wp-block-heading\"><span class=\"ez-toc-section\" id=\"La_reazione_degli_avversari\"><\/span>La reazione degli avversari<span class=\"ez-toc-section-end\"><\/span><\/h2>\n\n\n\n<p>Non tutti, per\u00f2, esultano per la condanna. Jean-Luc M\u00e9lenchon, leader della sinistra radicale, ha dichiarato che avrebbe preferito \u201cbattere Le Pen alle urne\u201d. Un modo per sottolineare che, nonostante le distanze ideologiche, la sfida politica dovrebbe consumarsi nel confronto democratico, non nelle aule di tribunale.<\/p>\n\n\n\n<p>Tuttavia, altri esponenti della sinistra e del centro hanno rivendicato con forza il principio dell\u2019indipendenza della giustizia. Nessun cittadino \u00e8 al di sopra della legge, nemmeno un candidato presidenziale.<\/p>\n\n\n\n<p>La condanna e l\u2019esclusione di Le Pen aprono una fase di profonda incertezza per la politica francese. Il RN, pur mantenendo la leadership all\u2019Assemblea nazionale \u2013 dove Le Pen conserver\u00e0 il seggio fino al 2029 salvo elezioni anticipate \u2013 rischia di perdere il suo punto di riferimento pi\u00f9 forte.<\/p>\n\n\n\n<p>Le divisioni si acuiranno, il dibattito politico si radicalizzer\u00e0, e il 2027 si preannuncia gi\u00e0 come un anno di svolta. Che Le Pen riesca o meno a ribaltare la sentenza, il suo percorso \u2013 e quello della destra francese \u2013 non sar\u00e0 pi\u00f9 lo stesso.<\/p>\n\n\n\n<p>Per ora, resta una certezza: il terremoto giudiziario ha riscritto le regole del gioco. E la corsa all\u2019Eliseo \u00e8 appena diventata ancora pi\u00f9 imprevedibile.<\/p>\n","protected":false},"excerpt":{"rendered":"<p>Marine Le Pen, volto storico e simbolo dell&#8217;estrema destra francese, \u00e8 stata esclusa dalla corsa alle cariche pubbliche per i prossimi cinque anni. La decisione \u00e8 arrivata da un tribunale francese, che ha condannato la leader del Rassemblement National (RN) per appropriazione indebita di fondi dell&#8217;Unione Europea. Una sentenza che ha provocato uno shock politico [&hellip;]<\/p>\n","protected":false},"author":12,"featured_media":59188,"comment_status":"closed","ping_status":"closed","sticky":false,"template":"","format":"standard","meta":{"pmpro_default_level":"","footnotes":""},"categories":[1413,2097],"tags":[],"class_list":{"0":"post-59186","1":"post","2":"type-post","3":"status-publish","4":"format-standard","5":"has-post-thumbnail","7":"category-attualita","8":"category-geopolitica","9":"pmpro-has-access"},"aioseo_notices":[],"jetpack_featured_media_url":"https:\/\/alground.com\/site\/wp-content\/uploads\/2025\/03\/marine-le-pen.jpg","wps_subtitle":"","_links":{"self":[{"href":"https:\/\/alground.com\/site\/wp-json\/wp\/v2\/posts\/59186","targetHints":{"allow":["GET"]}}],"collection":[{"href":"https:\/\/alground.com\/site\/wp-json\/wp\/v2\/posts"}],"about":[{"href":"https:\/\/alground.com\/site\/wp-json\/wp\/v2\/types\/post"}],"author":[{"embeddable":true,"href":"https:\/\/alground.com\/site\/wp-json\/wp\/v2\/users\/12"}],"replies":[{"embeddable":true,"href":"https:\/\/alground.com\/site\/wp-json\/wp\/v2\/comments?post=59186"}],"version-history":[{"count":0,"href":"https:\/\/alground.com\/site\/wp-json\/wp\/v2\/posts\/59186\/revisions"}],"wp:featuredmedia":[{"embeddable":true,"href":"https:\/\/alground.com\/site\/wp-json\/wp\/v2\/media\/59188"}],"wp:attachment":[{"href":"https:\/\/alground.com\/site\/wp-json\/wp\/v2\/media?parent=59186"}],"wp:term":[{"taxonomy":"category","embeddable":true,"href":"https:\/\/alground.com\/site\/wp-json\/wp\/v2\/categories?post=59186"},{"taxonomy":"post_tag","embeddable":true,"href":"https:\/\/alground.com\/site\/wp-json\/wp\/v2\/tags?post=59186"}],"curies":[{"name":"wp","href":"https:\/\/api.w.org\/{rel}","templated":true}]}}