{"id":59914,"date":"2025-06-07T15:13:19","date_gmt":"2025-06-07T14:13:19","guid":{"rendered":"https:\/\/www.alground.com\/site\/?p=59914"},"modified":"2025-06-07T15:13:22","modified_gmt":"2025-06-07T14:13:22","slug":"nomine-portuali-il-punto-sulle-scelte-del-governo-meloni","status":"publish","type":"post","link":"https:\/\/alground.com\/site\/nomine-portuali-il-punto-sulle-scelte-del-governo-meloni\/59914\/","title":{"rendered":"Nomine portuali: il punto sulle scelte del governo Meloni"},"content":{"rendered":"<div id=\"ez-toc-container\" class=\"ez-toc-v2_0_82_2 counter-hierarchy ez-toc-counter ez-toc-grey ez-toc-container-direction\">\n<p class=\"ez-toc-title\" style=\"cursor:inherit\">Punti chiave<\/p>\n<label for=\"ez-toc-cssicon-toggle-item-69f72df682d57\" class=\"ez-toc-cssicon-toggle-label\"><span class=\"\"><span class=\"eztoc-hide\" style=\"display:none;\">Toggle<\/span><span class=\"ez-toc-icon-toggle-span\"><svg style=\"fill: #999;color:#999\" xmlns=\"http:\/\/www.w3.org\/2000\/svg\" class=\"list-377408\" width=\"20px\" height=\"20px\" viewBox=\"0 0 24 24\" fill=\"none\"><path d=\"M6 6H4v2h2V6zm14 0H8v2h12V6zM4 11h2v2H4v-2zm16 0H8v2h12v-2zM4 16h2v2H4v-2zm16 0H8v2h12v-2z\" fill=\"currentColor\"><\/path><\/svg><svg style=\"fill: #999;color:#999\" class=\"arrow-unsorted-368013\" xmlns=\"http:\/\/www.w3.org\/2000\/svg\" width=\"10px\" height=\"10px\" viewBox=\"0 0 24 24\" version=\"1.2\" baseProfile=\"tiny\"><path d=\"M18.2 9.3l-6.2-6.3-6.2 6.3c-.2.2-.3.4-.3.7s.1.5.3.7c.2.2.4.3.7.3h11c.3 0 .5-.1.7-.3.2-.2.3-.5.3-.7s-.1-.5-.3-.7zM5.8 14.7l6.2 6.3 6.2-6.3c.2-.2.3-.5.3-.7s-.1-.5-.3-.7c-.2-.2-.4-.3-.7-.3h-11c-.3 0-.5.1-.7.3-.2.2-.3.5-.3.7s.1.5.3.7z\"\/><\/svg><\/span><\/span><\/label><input type=\"checkbox\"  id=\"ez-toc-cssicon-toggle-item-69f72df682d57\"  aria-label=\"Toggle\" \/><nav><ul class='ez-toc-list ez-toc-list-level-1 ' ><li class='ez-toc-page-1 ez-toc-heading-level-2'><a class=\"ez-toc-link ez-toc-heading-1\" href=\"https:\/\/alground.com\/site\/nomine-portuali-il-punto-sulle-scelte-del-governo-meloni\/59914\/#Le_cause_dello_stallo_scontri_politici_e_spartizione_tra_partiti\" >Le cause dello stallo: scontri politici e spartizione tra partiti<\/a><\/li><li class='ez-toc-page-1 ez-toc-heading-level-2'><a class=\"ez-toc-link ez-toc-heading-2\" href=\"https:\/\/alground.com\/site\/nomine-portuali-il-punto-sulle-scelte-del-governo-meloni\/59914\/#Le_polemiche_sulle_scelte_e_il_rischio_di_%E2%80%9Cresa_politica%E2%80%9D\" >Le polemiche sulle scelte e il rischio di \u201cresa politica\u201d<\/a><ul class='ez-toc-list-level-3' ><li class='ez-toc-heading-level-3'><a class=\"ez-toc-link ez-toc-heading-3\" href=\"https:\/\/alground.com\/site\/nomine-portuali-il-punto-sulle-scelte-del-governo-meloni\/59914\/#Esempi_di_nomine_contestate\" >Esempi di nomine contestate<\/a><\/li><\/ul><\/li><\/ul><\/nav><\/div>\n\n<p>Il governo Meloni si trova in questi giorni al centro di una delicata e controversa partita sulle nomine dei presidenti delle Autorit\u00e0 di Sistema Portuale (AdSP) italiane. Dopo mesi di stallo e tensioni interne alla maggioranza, la questione \u00e8 diventata urgente per il settore portuale e logistico nazionale, che chiede a gran voce una governance stabile e competente per affrontare le sfide infrastrutturali e di mercato.<\/p>\n\n\n\n<p>Le procedure di nomina si sono sbloccate solo parzialmente, con alcuni nomi gi\u00e0 proposti dal Ministero delle Infrastrutture e dei Trasporti e in attesa di ratifica parlamentare o del via libera definitivo delle Regioni:<\/p>\n\n\n\n<ul class=\"wp-block-list\">\n<li><strong>Antonio Gurrieri<\/strong> (AdSP Mare Adriatico Orientale \u2013 Trieste e Monfalcone)<\/li>\n\n\n\n<li><strong>Francesco Benevolo<\/strong> (AdSP Adriatico Centro Settentrionale \u2013 Ravenna)<\/li>\n\n\n\n<li><strong>Francesco Mastro<\/strong> (AdSP Mare Adriatico Meridionale \u2013 Bari, Brindisi, Barletta, Manfredonia, Monopoli, Termoli)<\/li>\n\n\n\n<li><strong>Giovanni Gugliotti<\/strong> (AdSP Mare Ionio \u2013 Taranto)<\/li>\n\n\n\n<li><strong>Davide Gariglio<\/strong> (AdSP Mar Tirreno Settentrionale \u2013 Livorno, Capraia, Piombino, Portoferraio, Rio Marina, Cavo)<\/li>\n\n\n\n<li><strong>Matteo Paroli<\/strong> (AdSP Mar Ligure Occidentale \u2013 Genova e Savona)<\/li>\n<\/ul>\n\n\n\n<p>Alcune di queste nomine hanno gi\u00e0 ricevuto il parere favorevole delle Regioni di riferimento, come nel caso di Mastro e Gariglio, mentre altre sono ancora bloccate da trattative politiche e audizioni parlamentari.<\/p>\n\n\n\n<h2 class=\"wp-block-heading\"><span class=\"ez-toc-section\" id=\"Le_cause_dello_stallo_scontri_politici_e_spartizione_tra_partiti\"><\/span><strong>Le cause dello stallo: scontri politici e spartizione tra partiti<\/strong><span class=\"ez-toc-section-end\"><\/span><\/h2>\n\n\n\n<p>Il ritardo nelle nomine \u00e8 dovuto principalmente a un braccio di ferro interno alla maggioranza di governo, in particolare tra Fratelli d\u2019Italia e Lega, che puntano a \u201cmettere la bandierina\u201d sui porti pi\u00f9 strategici. La situazione \u00e8 ulteriormente complicata da:<\/p>\n\n\n\n<ul class=\"wp-block-list\">\n<li><strong>Inchieste giudiziarie<\/strong> (come quella sul porto di Genova), che hanno imposto maggiore cautela nelle scelte.<\/li>\n\n\n\n<li><strong>Necessit\u00e0 di allineare le scadenze<\/strong> dei presidenti in carica, per procedere a un rinnovo complessivo e non frammentato.<\/li>\n\n\n\n<li><strong>Accuse di spartizione politica<\/strong> e mancanza di competenze specifiche nei candidati, con alcuni nomi considerati troppo vicini a vecchie gestioni o a logiche di partito, e altri che rischiano di non rispettare i requisiti anagrafici previsti dalla legge.<\/li>\n<\/ul>\n\n\n\n<p>Le principali associazioni del cluster marittimo-portuale (Alis, Ancip, Assiterminal, Assologistica, Confitarma, Federagenti, Uniport) hanno inviato un appello urgente al governo e al ministro Salvini affinch\u00e9 si proceda rapidamente alle nomine, sottolineando come la mancanza di presidenti effettivi stia rallentando opere infrastrutturali e la gestione dei porti.<\/p>\n\n\n\n<p>Per sbloccare la situazione, si valuta la nomina temporanea dei candidati come commissari straordinari, in attesa della ratifica parlamentare.<\/p>\n\n\n\n<h2 class=\"wp-block-heading\"><span class=\"ez-toc-section\" id=\"Le_polemiche_sulle_scelte_e_il_rischio_di_%E2%80%9Cresa_politica%E2%80%9D\"><\/span><strong>Le polemiche sulle scelte e il rischio di \u201cresa politica\u201d<\/strong><span class=\"ez-toc-section-end\"><\/span><\/h2>\n\n\n\n<p>Le scelte del governo sono finite nel mirino di stampa e opposizione, che denunciano una \u201csvendita\u201d della governance portuale a logiche di spartizione partitica e la presenza di candidati senza esperienza manageriale portuale o addirittura in conflitto con i limiti di et\u00e0 previsti<a rel=\"noreferrer noopener\" target=\"_blank\" href=\"https:\/\/etrurianews.it\/2025\/04\/30\/centrodestra-alle-comiche-sulle-nomine-dei-nuovi-presidenti-nei-porti-tra-inciuci-e-posizioni-illegittime\/\">6<\/a>. In particolare, viene criticata la conferma o la candidatura di figure considerate troppo legate al passato o a logiche di partito, sia di centrosinistra che di centrodestra.<\/p>\n\n\n\n<h3 class=\"wp-block-heading\"><span class=\"ez-toc-section\" id=\"Esempi_di_nomine_contestate\"><\/span><strong>Esempi di nomine contestate<\/strong><span class=\"ez-toc-section-end\"><\/span><\/h3>\n\n\n\n<figure class=\"wp-block-table\"><table class=\"has-fixed-layout\"><thead><tr><th>Porto\/AdSP<\/th><th>Candidato<\/th><th>Criticit\u00e0 evidenziate<\/th><\/tr><\/thead><tbody><tr><td>Genova\/Savona (Mar Ligure Occ.)<\/td><td>Matteo Paroli<\/td><td>Esperienza manageriale diretta contestata<\/td><\/tr><tr><td>Livorno (Mar Tirreno Sett.)<\/td><td>Davide Gariglio<\/td><td>Vicinanza a PD, competenze logistiche dubbie<\/td><\/tr><tr><td>Bari (Adriatico Meridionale)<\/td><td>Francesco Mastro<\/td><td>Nomina politica, vicino a Emiliano<\/td><\/tr><tr><td>Ravenna (Adriatico Centro Sett.)<\/td><td>Francesco Benevolo<\/td><td>Burocrate ministeriale, critico col centrodestra<\/td><\/tr><tr><td>Trieste (Adriatico Orientale)<\/td><td>Antonio Gurrieri<\/td><td>Legato a vecchie gestioni di centrosinistra<\/td><\/tr><tr><td>Napoli\/Civitavecchia<\/td><td>Annunziata\/Petri<\/td><td>Rischio superamento limiti di et\u00e0<\/td><\/tr><\/tbody><\/table><\/figure>\n\n\n\n<hr class=\"wp-block-separator has-alpha-channel-opacity\"\/>\n\n\n\n<p>Il dossier nomine portuali rappresenta una delle principali criticit\u00e0 politiche e gestionali per il governo Meloni in queste settimane. La scelta dei nuovi presidenti delle Autorit\u00e0 di Sistema Portuale \u00e8 bloccata da scontri interni alla maggioranza, accuse di spartizione e timori legati a inchieste giudiziarie. Il settore chiede una rapida soluzione per garantire la piena operativit\u00e0 dei porti, mentre il governo valuta soluzioni-ponte in attesa di un difficile compromesso politico.<\/p>\n","protected":false},"excerpt":{"rendered":"<p>Il governo Meloni si trova in questi giorni al centro di una delicata e controversa partita sulle nomine dei presidenti delle Autorit\u00e0 di Sistema Portuale (AdSP) italiane. Dopo mesi di stallo e tensioni interne alla maggioranza, la questione \u00e8 diventata urgente per il settore portuale e logistico nazionale, che chiede a gran voce una governance [&hellip;]<\/p>\n","protected":false},"author":12,"featured_media":59915,"comment_status":"closed","ping_status":"closed","sticky":false,"template":"","format":"standard","meta":{"pmpro_default_level":"","footnotes":""},"categories":[1413,2150],"tags":[2220,2219],"class_list":{"0":"post-59914","1":"post","2":"type-post","3":"status-publish","4":"format-standard","5":"has-post-thumbnail","7":"category-attualita","8":"category-politica","9":"tag-genova","10":"tag-liguria","11":"pmpro-has-access"},"aioseo_notices":[],"jetpack_featured_media_url":"https:\/\/alground.com\/site\/wp-content\/uploads\/2025\/06\/nomine-portuali.jpg","wps_subtitle":"","_links":{"self":[{"href":"https:\/\/alground.com\/site\/wp-json\/wp\/v2\/posts\/59914","targetHints":{"allow":["GET"]}}],"collection":[{"href":"https:\/\/alground.com\/site\/wp-json\/wp\/v2\/posts"}],"about":[{"href":"https:\/\/alground.com\/site\/wp-json\/wp\/v2\/types\/post"}],"author":[{"embeddable":true,"href":"https:\/\/alground.com\/site\/wp-json\/wp\/v2\/users\/12"}],"replies":[{"embeddable":true,"href":"https:\/\/alground.com\/site\/wp-json\/wp\/v2\/comments?post=59914"}],"version-history":[{"count":0,"href":"https:\/\/alground.com\/site\/wp-json\/wp\/v2\/posts\/59914\/revisions"}],"wp:featuredmedia":[{"embeddable":true,"href":"https:\/\/alground.com\/site\/wp-json\/wp\/v2\/media\/59915"}],"wp:attachment":[{"href":"https:\/\/alground.com\/site\/wp-json\/wp\/v2\/media?parent=59914"}],"wp:term":[{"taxonomy":"category","embeddable":true,"href":"https:\/\/alground.com\/site\/wp-json\/wp\/v2\/categories?post=59914"},{"taxonomy":"post_tag","embeddable":true,"href":"https:\/\/alground.com\/site\/wp-json\/wp\/v2\/tags?post=59914"}],"curies":[{"name":"wp","href":"https:\/\/api.w.org\/{rel}","templated":true}]}}