{"id":59934,"date":"2025-06-15T14:52:08","date_gmt":"2025-06-15T13:52:08","guid":{"rendered":"https:\/\/www.alground.com\/site\/?p=59934"},"modified":"2025-06-15T14:52:10","modified_gmt":"2025-06-15T13:52:10","slug":"g7-canada-tensioni-speranze-dialogo","status":"publish","type":"post","link":"https:\/\/alground.com\/site\/g7-canada-tensioni-speranze-dialogo\/59934\/","title":{"rendered":"G7 in Canada: tra tensioni e speranze di dialogo"},"content":{"rendered":"<div id=\"ez-toc-container\" class=\"ez-toc-v2_0_82_2 counter-hierarchy ez-toc-counter ez-toc-grey ez-toc-container-direction\">\n<p class=\"ez-toc-title\" style=\"cursor:inherit\">Punti chiave<\/p>\n<label for=\"ez-toc-cssicon-toggle-item-69f77f6b60711\" class=\"ez-toc-cssicon-toggle-label\"><span class=\"\"><span class=\"eztoc-hide\" style=\"display:none;\">Toggle<\/span><span class=\"ez-toc-icon-toggle-span\"><svg style=\"fill: #999;color:#999\" xmlns=\"http:\/\/www.w3.org\/2000\/svg\" class=\"list-377408\" width=\"20px\" height=\"20px\" viewBox=\"0 0 24 24\" fill=\"none\"><path d=\"M6 6H4v2h2V6zm14 0H8v2h12V6zM4 11h2v2H4v-2zm16 0H8v2h12v-2zM4 16h2v2H4v-2zm16 0H8v2h12v-2z\" fill=\"currentColor\"><\/path><\/svg><svg style=\"fill: #999;color:#999\" class=\"arrow-unsorted-368013\" xmlns=\"http:\/\/www.w3.org\/2000\/svg\" width=\"10px\" height=\"10px\" viewBox=\"0 0 24 24\" version=\"1.2\" baseProfile=\"tiny\"><path d=\"M18.2 9.3l-6.2-6.3-6.2 6.3c-.2.2-.3.4-.3.7s.1.5.3.7c.2.2.4.3.7.3h11c.3 0 .5-.1.7-.3.2-.2.3-.5.3-.7s-.1-.5-.3-.7zM5.8 14.7l6.2 6.3 6.2-6.3c.2-.2.3-.5.3-.7s-.1-.5-.3-.7c-.2-.2-.4-.3-.7-.3h-11c-.3 0-.5.1-.7.3-.2.2-.3.5-.3.7s.1.5.3.7z\"\/><\/svg><\/span><\/span><\/label><input type=\"checkbox\"  id=\"ez-toc-cssicon-toggle-item-69f77f6b60711\"  aria-label=\"Toggle\" \/><nav><ul class='ez-toc-list ez-toc-list-level-1 ' ><li class='ez-toc-page-1 ez-toc-heading-level-2'><a class=\"ez-toc-link ez-toc-heading-1\" href=\"https:\/\/alground.com\/site\/g7-canada-tensioni-speranze-dialogo\/59934\/#Le_priorita_di_Carney_e_lombra_di_Trump\" >Le priorit\u00e0 di Carney e l\u2019ombra di Trump<\/a><\/li><li class='ez-toc-page-1 ez-toc-heading-level-2'><a class=\"ez-toc-link ez-toc-heading-2\" href=\"https:\/\/alground.com\/site\/g7-canada-tensioni-speranze-dialogo\/59934\/#Il_ruolo_di_Giorgia_Meloni_e_la_posizione_italiana\" >Il ruolo di Giorgia Meloni e la posizione italiana<\/a><\/li><li class='ez-toc-page-1 ez-toc-heading-level-2'><a class=\"ez-toc-link ez-toc-heading-3\" href=\"https:\/\/alground.com\/site\/g7-canada-tensioni-speranze-dialogo\/59934\/#La_strategia_del_Canada_e_il_clima_del_vertice\" >La strategia del Canada e il clima del vertice<\/a><\/li><li class='ez-toc-page-1 ez-toc-heading-level-2'><a class=\"ez-toc-link ez-toc-heading-4\" href=\"https:\/\/alground.com\/site\/g7-canada-tensioni-speranze-dialogo\/59934\/#Un_summit_senza_comunicato_finale\" >Un summit senza comunicato finale<\/a><\/li><\/ul><\/nav><\/div>\n\n<p>I leader del G7 si riuniscono nella localit\u00e0 montana di Kananaskis, nelle Canadian Rockies, a circa 90 chilometri a ovest di Calgary, per un summit che si annuncia gi\u00e0 come uno dei pi\u00f9 delicati degli ultimi anni. Al centro dell\u2019attenzione, oltre alle crisi internazionali che agitano il Medio Oriente e l\u2019Ucraina, c\u2019\u00e8 la presenza di Donald Trump, presidente degli Stati Uniti, che rischia di catalizzare tensioni e divisioni tra i partner occidentali.<\/p>\n\n\n\n<h2 class=\"wp-block-heading\"><span class=\"ez-toc-section\" id=\"Le_priorita_di_Carney_e_lombra_di_Trump\"><\/span><strong>Le priorit\u00e0 di Carney e l\u2019ombra di Trump<\/strong><span class=\"ez-toc-section-end\"><\/span><\/h2>\n\n\n\n<p>Il primo ministro canadese Mark Carney ha dichiarato di voler puntare su tre obiettivi principali: rafforzare la pace e la sicurezza, costruire catene di approvvigionamento di minerali critici e promuovere la creazione di posti di lavoro. Tuttavia, queste priorit\u00e0 rischiano di essere oscurate dalle questioni pi\u00f9 urgenti e divisive, come i dazi imposti dagli Stati Uniti e la gestione dei conflitti in Medio Oriente e Ucraina.<\/p>\n\n\n\n<p>La presenza di Trump rappresenta una variabile imprevedibile: il presidente americano, noto per il suo approccio diretto e spesso provocatorio, ha gi\u00e0 in passato sconvolto i vertici del G7, come accaduto nel 2018, quando lasci\u00f2 il summit canadese prima della conclusione, definendo l\u2019allora primo ministro Justin Trudeau \u201cmolto disonesto e debole\u201d e ordinando alla delegazione statunitense di ritirare il sostegno al comunicato finale.<\/p>\n\n\n\n<p>Il vertice arriva in un momento di estrema incertezza. Gioved\u00ec scorso, Israele ha lanciato una serie di attacchi contro l\u2019Iran, colpendo duramente gli sforzi diplomatici per evitare un\u2019escalation militare. Il conflitto in Medio Oriente \u00e8 diventato cos\u00ec un altro punto di frizione tra gli alleati, con il Regno Unito che ha gi\u00e0 annunciato l\u2019invio di supporto militare nella regione. Il premier britannico Keir Starmer, in viaggio verso il Canada, ha sottolineato la necessit\u00e0 di de-escalation, ma ha anche riconosciuto il diritto di Israele a difendersi.<\/p>\n\n\n\n<p>Anche la guerra in Ucraina rimane un tema centrale, con il presidente Volodymyr Zelenskyy presente al summit e atteso un faccia a faccia con Trump, dopo il loro precedente incontro controverso alla Casa Bianca.<\/p>\n\n\n\n<h2 class=\"wp-block-heading\"><span class=\"ez-toc-section\" id=\"Il_ruolo_di_Giorgia_Meloni_e_la_posizione_italiana\"><\/span><strong>Il ruolo di Giorgia Meloni e la posizione italiana<\/strong><span class=\"ez-toc-section-end\"><\/span><\/h2>\n\n\n\n<p>La presidente del Consiglio Giorgia Meloni \u00e8 arrivata a Kananaskis con l\u2019obiettivo di rafforzare il profilo internazionale dell\u2019Italia e portare al tavolo le priorit\u00e0 nazionali, a partire dalla gestione dei flussi migratori e dalla sicurezza. Meloni introdurr\u00e0 la sessione dedicata alle \u201ccomunit\u00e0 sicure\u201d, puntando a valorizzare l\u2019approccio italiano basato su partenariati con i Paesi africani, accordi bilaterali per il controllo delle partenze e investimenti mirati alla stabilizzazione delle aree di origine, in continuit\u00e0 con il Piano Mattei. L\u2019Italia, inoltre, ha avviato una coalizione G7 contro il traffico di migranti, sostenuta da Stati Uniti e Regno Unito, che punta sulla cooperazione in ambito di intelligence e sul sequestro dei proventi illeciti.<\/p>\n\n\n\n<p>Meloni si propone come ponte tra l\u2019amministrazione Trump e il resto dell\u2019Europa, cercando di mediare sulle questioni dei dazi e di mantenere un profilo credibile sia verso Washington sia verso Bruxelles. Prima della partenza per il Canada, la premier ha tenuto consultazioni con i ministri e i vertici dell\u2019intelligence, oltre a colloqui telefonici con Trump, il cancelliere tedesco Friedrich Merz e la presidente della Commissione europea Ursula von der Leyen, dimostrando l\u2019attenzione italiana verso la diplomazia multilaterale e la ricerca di soluzioni condivise.<\/p>\n\n\n\n<h2 class=\"wp-block-heading\"><span class=\"ez-toc-section\" id=\"La_strategia_del_Canada_e_il_clima_del_vertice\"><\/span><strong>La strategia del Canada e il clima del vertice<\/strong><span class=\"ez-toc-section-end\"><\/span><\/h2>\n\n\n\n<p>Il Canada, da paese ospitante, cerca di evitare scontri frontali con Trump, consapevole che ogni parola o gesto del presidente americano potrebbe avere conseguenze imprevedibili. Un esperto di affari internazionali e gi\u00e0 consigliere dell\u2019ex premier Justin Trudeau ha dichiarato: \u201cQuesto incontro sar\u00e0 considerato un successo se Donald Trump non avr\u00e0 un\u2019esplosione che metta sottosopra l\u2019intera riunione. Qualsiasi cosa oltre questo sar\u00e0 un bonus\u201d.<\/p>\n\n\n\n<p>Un analista di economia internazionale e gi\u00e0 funzionario della Casa Bianca ha aggiunto: \u201cLo scenario migliore \u00e8 che non ci siano vere e proprie esplosioni alla fine del vertice\u201d.<\/p>\n\n\n\n<h2 class=\"wp-block-heading\"><span class=\"ez-toc-section\" id=\"Un_summit_senza_comunicato_finale\"><\/span><strong>Un summit senza comunicato finale<\/strong><span class=\"ez-toc-section-end\"><\/span><\/h2>\n\n\n\n<p>Per la prima volta, il Canada ha deciso di rinunciare alla tradizionale dichiarazione congiunta alla fine del summit, una scelta che riflette il clima di divisione e la difficolt\u00e0 di trovare una posizione comune su questioni come i dazi e le crisi internazionali. Saranno invece diffuse sette dichiarazioni brevi, ciascuna relativa a uno dei temi chiave: finanziamento dello sviluppo, intelligenza artificiale, tecnologie quantistiche, contrasto agli incendi, minerali strategici, repressione transnazionale e lotta al traffico di migranti.<\/p>\n\n\n\n<p>Il G7 2025 si apre dunque all\u2019insegna della cautela e della speranza di evitare scontri, ma con la consapevolezza che la presenza di Trump e le crisi globali potrebbero riscrivere gli equilibri e le dinamiche del summit. La posta in gioco \u00e8 alta: non solo la coesione tra alleati, ma anche la capacit\u00e0 di affrontare insieme le sfide pi\u00f9 urgenti del pianeta. Il ruolo dell\u2019Italia, in questa cornice, si conferma centrale per la mediazione e la ricerca di soluzioni pragmatiche ai grandi dossier internazionali.<\/p>\n\n\n\n<p><\/p>\n","protected":false},"excerpt":{"rendered":"<p>I leader del G7 si riuniscono nella localit\u00e0 montana di Kananaskis, nelle Canadian Rockies, a circa 90 chilometri a ovest di Calgary, per un summit che si annuncia gi\u00e0 come uno dei pi\u00f9 delicati degli ultimi anni. Al centro dell\u2019attenzione, oltre alle crisi internazionali che agitano il Medio Oriente e l\u2019Ucraina, c\u2019\u00e8 la presenza di [&hellip;]<\/p>\n","protected":false},"author":15,"featured_media":59937,"comment_status":"closed","ping_status":"closed","sticky":false,"template":"","format":"standard","meta":{"pmpro_default_level":"","footnotes":""},"categories":[1413,2150],"tags":[],"class_list":{"0":"post-59934","1":"post","2":"type-post","3":"status-publish","4":"format-standard","5":"has-post-thumbnail","7":"category-attualita","8":"category-politica","9":"pmpro-has-access"},"aioseo_notices":[],"jetpack_featured_media_url":"https:\/\/alground.com\/site\/wp-content\/uploads\/2025\/06\/g7canadese.jpg","wps_subtitle":"","_links":{"self":[{"href":"https:\/\/alground.com\/site\/wp-json\/wp\/v2\/posts\/59934","targetHints":{"allow":["GET"]}}],"collection":[{"href":"https:\/\/alground.com\/site\/wp-json\/wp\/v2\/posts"}],"about":[{"href":"https:\/\/alground.com\/site\/wp-json\/wp\/v2\/types\/post"}],"author":[{"embeddable":true,"href":"https:\/\/alground.com\/site\/wp-json\/wp\/v2\/users\/15"}],"replies":[{"embeddable":true,"href":"https:\/\/alground.com\/site\/wp-json\/wp\/v2\/comments?post=59934"}],"version-history":[{"count":0,"href":"https:\/\/alground.com\/site\/wp-json\/wp\/v2\/posts\/59934\/revisions"}],"wp:featuredmedia":[{"embeddable":true,"href":"https:\/\/alground.com\/site\/wp-json\/wp\/v2\/media\/59937"}],"wp:attachment":[{"href":"https:\/\/alground.com\/site\/wp-json\/wp\/v2\/media?parent=59934"}],"wp:term":[{"taxonomy":"category","embeddable":true,"href":"https:\/\/alground.com\/site\/wp-json\/wp\/v2\/categories?post=59934"},{"taxonomy":"post_tag","embeddable":true,"href":"https:\/\/alground.com\/site\/wp-json\/wp\/v2\/tags?post=59934"}],"curies":[{"name":"wp","href":"https:\/\/api.w.org\/{rel}","templated":true}]}}