{"id":60026,"date":"2025-07-08T11:27:03","date_gmt":"2025-07-08T10:27:03","guid":{"rendered":"https:\/\/www.alground.com\/site\/?p=60026"},"modified":"2025-07-09T17:16:00","modified_gmt":"2025-07-09T16:16:00","slug":"von-del-leyen-sotto-attacco-pfizergate-giovedi-voto-di-sfiducia","status":"publish","type":"post","link":"https:\/\/alground.com\/site\/von-del-leyen-sotto-attacco-pfizergate-giovedi-voto-di-sfiducia\/60026\/","title":{"rendered":"Von del Leyen sotto attacco Pfizergate. Gioved\u00ec voto di sfiducia"},"content":{"rendered":"\n<p>Il recente caso che coinvolge Ursula von der Leyen, presidente della Commissione Europea, e il cosiddetto \u201cPfizergate\u201d offre uno spunto importante per riflettere sul rapporto tra trasparenza, fiducia e leadership nelle istituzioni europee. Siamo di fronte a una vicenda che, al di l\u00e0 degli aspetti tecnici e procedurali, tocca i nervi scoperti della democrazia rappresentativa e della gestione delle crisi globali.<\/p>\n\n\n\n<figure class=\"wp-block-embed is-type-video is-provider-youtube wp-block-embed-youtube wp-embed-aspect-16-9 wp-has-aspect-ratio\"><div class=\"wp-block-embed__wrapper\">\n<span class=\"embed-youtube\" style=\"text-align:center; display: block;\"><iframe loading=\"lazy\" class=\"youtube-player\" width=\"696\" height=\"392\" src=\"https:\/\/www.youtube.com\/embed\/7rz5ed9cEqg?version=3&#038;rel=1&#038;showsearch=0&#038;showinfo=1&#038;iv_load_policy=1&#038;fs=1&#038;hl=it-IT&#038;autohide=2&#038;wmode=transparent\" allowfullscreen=\"true\" style=\"border:0;\" sandbox=\"allow-scripts allow-same-origin allow-popups allow-presentation allow-popups-to-escape-sandbox\"><\/iframe><\/span>\n<\/div><\/figure>\n\n\n\n<p><strong>Durante la pandemia di Covid-19, l\u2019Unione Europea si \u00e8 trovata a dover prendere decisioni rapide e spesso inedite per garantire la salute dei suoi cittadini.<\/strong> In questo contesto, la trattativa diretta tra von der Leyen e l\u2019amministratore delegato di Pfizer per l\u2019acquisto dei vaccini ha rappresentato, secondo molti, un atto di pragmatismo e responsabilit\u00e0. Tuttavia, <strong>la mancata trasparenza sulle modalit\u00e0 di queste trattative, in particolare la mancata pubblicazione dei messaggi privati tra i due leader, ha sollevato dubbi e sospetti che non possono essere liquidati come semplici attacchi politici.<\/strong><\/p>\n\n\n\n<p><strong>La mozione di sfiducia presentata al Parlamento europeo, pur non avendo realisticamente i numeri per essere approvata, \u00e8 il sintomo di un malessere pi\u00f9 profondo.<\/strong> Da un lato, c\u2019\u00e8 chi accusa la presidente di aver agito in modo opaco, mettendo in discussione la credibilit\u00e0 della Commissione; dall\u2019altro, i sostenitori di von der Leyen sottolineano la necessit\u00e0 di agire con tempestivit\u00e0 e la legittimit\u00e0 delle scelte fatte in un momento di emergenza senza precedenti.<\/p>\n\n\n\n<p><strong>In questa tensione si riflette il dilemma di molte democrazie contemporanee: come bilanciare l\u2019efficacia dell\u2019azione politica con il dovere di rendere conto ai cittadini?<\/strong> La sentenza della Corte di Giustizia dell\u2019UE, che ha condannato la Commissione per non aver fornito spiegazioni credibili sulla gestione dei messaggi, mostra che <strong>la trasparenza non \u00e8 un optional, ma un requisito fondamentale per la legittimit\u00e0 delle istituzioni.<\/strong><\/p>\n\n\n\n<p>Il \u201cPfizergate\u201d non \u00e8 solo una questione di contratti e vaccini, ma un banco di prova per la maturit\u00e0 democratica dell\u2019Unione Europea. Le istituzioni devono imparare da questa vicenda: <strong>la fiducia dei cittadini si costruisce non solo con le decisioni giuste, ma anche con la capacit\u00e0 di spiegare, giustificare e rendere conto di ogni scelta, soprattutto quando queste avvengono in condizioni straordinarie.<\/strong><\/p>\n\n\n\n<p><strong>Il caso von der Leyen ci ricorda che la trasparenza \u00e8 la migliore alleata della democrazia.<\/strong> Solo attraverso un dialogo aperto e responsabile tra istituzioni e cittadini si pu\u00f2 rafforzare l\u2019Unione Europea e renderla davvero all\u2019altezza delle sfide del nostro tempo.<\/p>\n","protected":false},"excerpt":{"rendered":"<p>Il recente caso che coinvolge Ursula von der Leyen, presidente della Commissione Europea, e il cosiddetto \u201cPfizergate\u201d offre uno spunto importante per riflettere sul rapporto tra trasparenza, fiducia e leadership nelle istituzioni europee. Siamo di fronte a una vicenda che, al di l\u00e0 degli aspetti tecnici e procedurali, tocca i nervi scoperti della democrazia rappresentativa [&hellip;]<\/p>\n","protected":false},"author":12,"featured_media":60029,"comment_status":"closed","ping_status":"closed","sticky":false,"template":"","format":"standard","meta":{"pmpro_default_level":"","footnotes":""},"categories":[1413,2150],"tags":[],"class_list":{"0":"post-60026","1":"post","2":"type-post","3":"status-publish","4":"format-standard","5":"has-post-thumbnail","7":"category-attualita","8":"category-politica","9":"pmpro-has-access"},"aioseo_notices":[],"jetpack_featured_media_url":"https:\/\/alground.com\/site\/wp-content\/uploads\/2025\/07\/vondelleyen.jpg","wps_subtitle":"","_links":{"self":[{"href":"https:\/\/alground.com\/site\/wp-json\/wp\/v2\/posts\/60026","targetHints":{"allow":["GET"]}}],"collection":[{"href":"https:\/\/alground.com\/site\/wp-json\/wp\/v2\/posts"}],"about":[{"href":"https:\/\/alground.com\/site\/wp-json\/wp\/v2\/types\/post"}],"author":[{"embeddable":true,"href":"https:\/\/alground.com\/site\/wp-json\/wp\/v2\/users\/12"}],"replies":[{"embeddable":true,"href":"https:\/\/alground.com\/site\/wp-json\/wp\/v2\/comments?post=60026"}],"version-history":[{"count":0,"href":"https:\/\/alground.com\/site\/wp-json\/wp\/v2\/posts\/60026\/revisions"}],"wp:featuredmedia":[{"embeddable":true,"href":"https:\/\/alground.com\/site\/wp-json\/wp\/v2\/media\/60029"}],"wp:attachment":[{"href":"https:\/\/alground.com\/site\/wp-json\/wp\/v2\/media?parent=60026"}],"wp:term":[{"taxonomy":"category","embeddable":true,"href":"https:\/\/alground.com\/site\/wp-json\/wp\/v2\/categories?post=60026"},{"taxonomy":"post_tag","embeddable":true,"href":"https:\/\/alground.com\/site\/wp-json\/wp\/v2\/tags?post=60026"}],"curies":[{"name":"wp","href":"https:\/\/api.w.org\/{rel}","templated":true}]}}