{"id":60070,"date":"2025-07-17T10:04:51","date_gmt":"2025-07-17T09:04:51","guid":{"rendered":"https:\/\/www.alground.com\/site\/?p=60070"},"modified":"2025-07-17T10:04:54","modified_gmt":"2025-07-17T09:04:54","slug":"iran-deporta-1-milione-e-400-mila-afghani-nellindifferenza-internazionale","status":"publish","type":"post","link":"https:\/\/alground.com\/site\/iran-deporta-1-milione-e-400-mila-afghani-nellindifferenza-internazionale\/60070\/","title":{"rendered":"Iran deporta 1 milione e 400 mila afghani nell&#8217;indifferenza internazionale"},"content":{"rendered":"<div id=\"ez-toc-container\" class=\"ez-toc-v2_0_82_2 counter-hierarchy ez-toc-counter ez-toc-grey ez-toc-container-direction\">\n<p class=\"ez-toc-title\" style=\"cursor:inherit\">Punti chiave<\/p>\n<label for=\"ez-toc-cssicon-toggle-item-69f718bb4cd73\" class=\"ez-toc-cssicon-toggle-label\"><span class=\"\"><span class=\"eztoc-hide\" style=\"display:none;\">Toggle<\/span><span class=\"ez-toc-icon-toggle-span\"><svg style=\"fill: #999;color:#999\" xmlns=\"http:\/\/www.w3.org\/2000\/svg\" class=\"list-377408\" width=\"20px\" height=\"20px\" viewBox=\"0 0 24 24\" fill=\"none\"><path d=\"M6 6H4v2h2V6zm14 0H8v2h12V6zM4 11h2v2H4v-2zm16 0H8v2h12v-2zM4 16h2v2H4v-2zm16 0H8v2h12v-2z\" fill=\"currentColor\"><\/path><\/svg><svg style=\"fill: #999;color:#999\" class=\"arrow-unsorted-368013\" xmlns=\"http:\/\/www.w3.org\/2000\/svg\" width=\"10px\" height=\"10px\" viewBox=\"0 0 24 24\" version=\"1.2\" baseProfile=\"tiny\"><path d=\"M18.2 9.3l-6.2-6.3-6.2 6.3c-.2.2-.3.4-.3.7s.1.5.3.7c.2.2.4.3.7.3h11c.3 0 .5-.1.7-.3.2-.2.3-.5.3-.7s-.1-.5-.3-.7zM5.8 14.7l6.2 6.3 6.2-6.3c.2-.2.3-.5.3-.7s-.1-.5-.3-.7c-.2-.2-.4-.3-.7-.3h-11c-.3 0-.5.1-.7.3-.2.2-.3.5-.3.7s.1.5.3.7z\"\/><\/svg><\/span><\/span><\/label><input type=\"checkbox\"  id=\"ez-toc-cssicon-toggle-item-69f718bb4cd73\"  aria-label=\"Toggle\" \/><nav><ul class='ez-toc-list ez-toc-list-level-1 ' ><li class='ez-toc-page-1 ez-toc-heading-level-2'><a class=\"ez-toc-link ez-toc-heading-1\" href=\"https:\/\/alground.com\/site\/iran-deporta-1-milione-e-400-mila-afghani-nellindifferenza-internazionale\/60070\/#Un_esodo_biblico\" >Un esodo biblico<\/a><\/li><li class='ez-toc-page-1 ez-toc-heading-level-2'><a class=\"ez-toc-link ez-toc-heading-2\" href=\"https:\/\/alground.com\/site\/iran-deporta-1-milione-e-400-mila-afghani-nellindifferenza-internazionale\/60070\/#Deportato_anche_chi_aveva_i_documenti\" >Deportato anche chi aveva i documenti<\/a><\/li><li class='ez-toc-page-1 ez-toc-heading-level-2'><a class=\"ez-toc-link ez-toc-heading-3\" href=\"https:\/\/alground.com\/site\/iran-deporta-1-milione-e-400-mila-afghani-nellindifferenza-internazionale\/60070\/#Lincubo_per_le_donne\" >L&#8217;incubo per le donne<\/a><\/li><li class='ez-toc-page-1 ez-toc-heading-level-2'><a class=\"ez-toc-link ez-toc-heading-4\" href=\"https:\/\/alground.com\/site\/iran-deporta-1-milione-e-400-mila-afghani-nellindifferenza-internazionale\/60070\/#Ipocrisia_occidentale\" >Ipocrisia occidentale<\/a><\/li><\/ul><\/nav><\/div>\n\n<p>Nell&#8217;indifferenza pressoch\u00e9 totale dei media internazionali, l&#8217;Iran ha condotto una delle pi\u00f9 grandi operazioni di deportazione di massa della storia moderna.\u00a0<strong>Oltre un milione e quattrocentomila afghani sono stati espulsi dal territorio iraniano nel corso del 2025<\/strong>, con un&#8217;accelerazione drammatica dopo il conflitto con Israele. Una tragedia umanitaria di proporzioni enormi che si consuma sotto gli occhi di un mondo che sembra aver voltato le spalle al popolo afghano.<\/p>\n\n\n\n<h2 class=\"wp-block-heading\"><span class=\"ez-toc-section\" id=\"Un_esodo_biblico\"><\/span>Un esodo biblico<span class=\"ez-toc-section-end\"><\/span><\/h2>\n\n\n\n<p><strong>La scadenza fissata dalle autorit\u00e0 iraniane ha innescato un esodo biblico<\/strong>. Secondo l&#8217;Organizzazione Internazionale per le Migrazioni, centinaia di migliaia di afghani hanno attraversato il confine iraniano-afghano in pochissimi giorni. Il picco si \u00e8 registrato quando decine di migliaia di persone sono state costrette a lasciare l&#8217;Iran in un solo giorno, mentre in una singola settimana ne sono state deportate centinaia di migliaia.<\/p>\n\n\n\n<p>Il regime di Teheran ha utilizzato il pretesto della sicurezza nazionale per giustificare queste espulsioni su larga scala, accusando senza prove concrete i rifugiati afghani di spionaggio per conto di Israele.&nbsp;<strong>Richard Bennett, Relatore Speciale delle Nazioni Unite per i diritti umani in Afghanistan, ha denunciato come &#8220;centinaia&#8221; di afghani siano stati arrestati e accusati di spionaggio<\/strong>, in quella che appare come una caccia alle streghe alimentata da pregiudizi razziali e tensioni geopolitiche.<\/p>\n\n\n\n<p>Le testimonianze raccolte dalle organizzazioni umanitarie dipingono un quadro agghiacciante di violenze sistematiche.&nbsp;<strong>Bashir, un giovane afghano, ha raccontato: &#8220;Prima mi hanno preso dei soldi. Poi mi hanno costretto a pagare altro nel centro di detenzione, dove non ci davano n\u00e9 cibo n\u00e9 acqua. C&#8217;erano centinaia di persone, ci picchiavano e ci maltrattavano&#8221;<\/strong>. Un altro deportato ha dichiarato: &#8220;Ci hanno trattato come spazzatura&#8221;, mentre le testimonianze parlano di famiglie separate, documenti strappati e violenze fisiche durante il processo di espulsione.<\/p>\n\n\n\n<h2 class=\"wp-block-heading\"><span class=\"ez-toc-section\" id=\"Deportato_anche_chi_aveva_i_documenti\"><\/span>Deportato anche chi aveva i documenti<span class=\"ez-toc-section-end\"><\/span><\/h2>\n\n\n\n<p><strong>La maggior parte delle deportazioni \u00e8 avvenuta con la forza<\/strong>, coinvolgendo non solo migranti irregolari ma anche persone con documenti validi. Il Center for Human Rights in Iran ha documentato casi di afghani con visti e permessi di residenza regolari deportati arbitrariamente. La situazione \u00e8 peggiorata dopo la guerra tra Iran e Israele, quando i media di stato iraniani hanno iniziato una campagna di incitamento all&#8217;odio, etichettando gli afghani come &#8220;traditori&#8221; e &#8220;spie&#8221;.<\/p>\n\n\n\n<p>La crisi umanitaria al confine afghano-iraniano \u00e8 devastante.&nbsp;<strong>Al valico di Islam Qala, migliaia di persone sono ammassate sotto tende precarie, con temperature estreme<\/strong>. Mihyung Park, capo missione dell&#8217;OIM, ha descritto la situazione come &#8220;terribile&#8221;, segnalando l\u2019arrivo anche di centinaia di minori non accompagnati. Le organizzazioni umanitarie riescono ad assistere solo una minima parte delle persone che hanno bisogno di aiuto.<\/p>\n\n\n\n<h2 class=\"wp-block-heading\"><span class=\"ez-toc-section\" id=\"Lincubo_per_le_donne\"><\/span>L&#8217;incubo per le donne <span class=\"ez-toc-section-end\"><\/span><\/h2>\n\n\n\n<p><strong>Le donne afghane deportate affrontano un doppio calvario<\/strong>. Costrette a tornare in un Afghanistan governato dai talebani, dove le donne sono private di tutti i diritti fondamentali, molte si trovano senza tutore maschio e quindi impossibilitate ad accedere a servizi essenziali.&nbsp;<strong>Marwa, una giovane deportata, ha dichiarato: &#8220;L&#8217;Afghanistan \u00e8 come una gabbia per le donne, e stiamo tornando in quella prigione&#8221;<\/strong>. Le restrizioni talebane vietano alle donne di parlare in pubblico, di lavorare, di studiare oltre la sesta classe e persino di mostrare il volto.<\/p>\n\n\n\n<figure class=\"wp-block-image size-large\"><img loading=\"lazy\" decoding=\"async\" width=\"1024\" height=\"512\" src=\"https:\/\/www.alground.com\/origin\/wp-content\/uploads\/2025\/07\/iran-deportazione-2-1024x512.jpg\" alt=\"\" class=\"wp-image-60073\" srcset=\"https:\/\/alground.com\/site\/wp-content\/uploads\/2025\/07\/iran-deportazione-2-1024x512.jpg 1024w, https:\/\/alground.com\/site\/wp-content\/uploads\/2025\/07\/iran-deportazione-2-300x150.jpg 300w, https:\/\/alground.com\/site\/wp-content\/uploads\/2025\/07\/iran-deportazione-2-768x384.jpg 768w, https:\/\/alground.com\/site\/wp-content\/uploads\/2025\/07\/iran-deportazione-2-840x420.jpg 840w, https:\/\/alground.com\/site\/wp-content\/uploads\/2025\/07\/iran-deportazione-2-150x75.jpg 150w, https:\/\/alground.com\/site\/wp-content\/uploads\/2025\/07\/iran-deportazione-2-696x348.jpg 696w, https:\/\/alground.com\/site\/wp-content\/uploads\/2025\/07\/iran-deportazione-2-1068x534.jpg 1068w, https:\/\/alground.com\/site\/wp-content\/uploads\/2025\/07\/iran-deportazione-2.jpg 1100w\" sizes=\"auto, (max-width: 1024px) 100vw, 1024px\" \/><\/figure>\n\n\n\n<p><strong>Il regime talebano ha mantenuto un silenzio assordante di fronte a questa tragedia<\/strong>. Molti osservatori ritengono che i talebani vedano di buon occhio le deportazioni, poich\u00e9 molti rifugiati in Iran erano oppositori del regime, ex funzionari del governo precedente, giornalisti e attivisti per i diritti umani. Questa indifferenza calcolata condanna il proprio popolo a sofferenze devastanti.<\/p>\n\n\n\n<p><strong>L&#8217;Afghanistan, gi\u00e0 prostrato da una crisi umanitaria gravissima, non \u00e8 preparato ad accogliere un numero cos\u00ec elevato di rimpatriati<\/strong>. Secondo le Nazioni Unite, oltre la met\u00e0 della popolazione afghana dipende dagli aiuti umanitari, mentre svariati milioni di persone necessitano di assistenza immediata. La situazione \u00e8 aggravata dalla diminuzione dei finanziamenti internazionali: molte strutture sanitarie sono state costrette a chiudere, privando milioni di persone delle cure mediche.<\/p>\n\n\n\n<p><strong>La comunit\u00e0 internazionale ha sostanzialmente ignorato questa catastrofe umanitaria<\/strong>. Mentre le crisi in altre regioni del mondo ricevono ampia copertura mediatica e sostegno internazionale, il dramma afghano \u00e8 relegato alle pagine interne dei giornali. L&#8217;Asian Forum for Human Rights and Development ha definito le deportazioni &#8220;una grave violazione degli standard internazionali dei diritti umani&#8221;, ma le proteste internazionali sono state inefficaci.<\/p>\n\n\n\n<p><strong>Il Pakistan ha seguito l&#8217;esempio iraniano, deportando centinaia di migliaia di afghani<\/strong>. Anche il Tagikistan ha annunciato l&#8217;espulsione di migliaia di afghani, creando un effetto domino che sta isolando completamente il popolo afghano. Questa convergenza di politiche repressive crea quello che gli esperti definiscono un regime coercitivo di rimpatri forzati.<\/p>\n\n\n\n<h2 class=\"wp-block-heading\"><span class=\"ez-toc-section\" id=\"Ipocrisia_occidentale\"><\/span>Ipocrisia occidentale<span class=\"ez-toc-section-end\"><\/span><\/h2>\n\n\n\n<p><strong>L&#8217;ipocrisia occidentale \u00e8 palese<\/strong>. Mentre l&#8217;Europa e gli Stati Uniti predicano i diritti umani e la protezione dei rifugiati, hanno lasciato che l&#8217;Iran procedesse indisturbato nelle deportazioni di massa. Alcuni paesi europei hanno persino annunciato la possibilit\u00e0 di stabilire canali di dialogo con i talebani per deportare afghani condannati, dimostrando come spesso la retorica umanitaria ceda il passo ai calcoli politici.<\/p>\n\n\n\n<figure class=\"wp-block-image size-large\"><img loading=\"lazy\" decoding=\"async\" width=\"1024\" height=\"512\" src=\"https:\/\/www.alground.com\/origin\/wp-content\/uploads\/2025\/04\/Ayatollah_Ali_Khamenei-1024x512.jpg\" alt=\"Ayatollah Ali Khamenei\" class=\"wp-image-59195\" srcset=\"https:\/\/alground.com\/site\/wp-content\/uploads\/2025\/04\/Ayatollah_Ali_Khamenei-1024x512.jpg 1024w, https:\/\/alground.com\/site\/wp-content\/uploads\/2025\/04\/Ayatollah_Ali_Khamenei-300x150.jpg 300w, https:\/\/alground.com\/site\/wp-content\/uploads\/2025\/04\/Ayatollah_Ali_Khamenei-768x384.jpg 768w, https:\/\/alground.com\/site\/wp-content\/uploads\/2025\/04\/Ayatollah_Ali_Khamenei.jpg 1100w\" sizes=\"auto, (max-width: 1024px) 100vw, 1024px\" \/><\/figure>\n\n\n\n<p><strong>La tragedia afghana rappresenta un fallimento collettivo della comunit\u00e0 internazionale<\/strong>. Mentre il mondo si concentra su altri conflitti, milioni di afghani vengono abbandonati al loro destino, vittime di un regime teocratico oppressivo in patria e di politiche xenofobe nei paesi di accoglienza. Le immagini di bambini disidratati al confine, di famiglie separate e di donne ridotte al silenzio dovrebbero scuotere le coscienze, ma sembrano destinate a rimanere un capitolo dimenticato nella storia contemporanea.<\/p>\n\n\n\n<p><strong>L&#8217;indifferenza mediatica verso questa tragedia \u00e8 sintomatica di un mondo che ha perso la capacit\u00e0 di indignarsi uniformemente di fronte alle ingiustizie<\/strong>. Mentre alcune crisi ricevono attenzione globale, altre vengono ignorate, creando una gerarchia immorale della sofferenza umana. Il popolo afghano, gi\u00e0 abbandonato dalle potenze occidentali, subisce ora una seconda forma di abbandono: quella del silenzio internazionale di fronte alle deportazioni di massa.<\/p>\n\n\n\n<p><strong>La storia giudicher\u00e0 severamente questa indifferenza<\/strong>. Mentre l&#8217;Iran continua le sue deportazioni brutali e i talebani consolidano il loro potere repressivo, milioni di afghani continuano a soffrire nell&#8217;indifferenza generale. Il loro grido di aiuto echeggia nel vuoto di un mondo che sembra aver perso la memoria della propria umanit\u00e0.<\/p>\n","protected":false},"excerpt":{"rendered":"<p>Nell&#8217;indifferenza pressoch\u00e9 totale dei media internazionali, l&#8217;Iran ha condotto una delle pi\u00f9 grandi operazioni di deportazione di massa della storia moderna.\u00a0Oltre un milione e quattrocentomila afghani sono stati espulsi dal territorio iraniano nel corso del 2025, con un&#8217;accelerazione drammatica dopo il conflitto con Israele. Una tragedia umanitaria di proporzioni enormi che si consuma sotto gli [&hellip;]<\/p>\n","protected":false},"author":3,"featured_media":60072,"comment_status":"closed","ping_status":"closed","sticky":false,"template":"","format":"standard","meta":{"pmpro_default_level":"","footnotes":""},"categories":[1413,2097],"tags":[2130,2136],"class_list":{"0":"post-60070","1":"post","2":"type-post","3":"status-publish","4":"format-standard","5":"has-post-thumbnail","7":"category-attualita","8":"category-geopolitica","9":"tag-iran","10":"tag-medio-oriente","11":"pmpro-has-access"},"aioseo_notices":[],"jetpack_featured_media_url":"https:\/\/alground.com\/site\/wp-content\/uploads\/2025\/07\/iran-deportazione.jpg","wps_subtitle":"","_links":{"self":[{"href":"https:\/\/alground.com\/site\/wp-json\/wp\/v2\/posts\/60070","targetHints":{"allow":["GET"]}}],"collection":[{"href":"https:\/\/alground.com\/site\/wp-json\/wp\/v2\/posts"}],"about":[{"href":"https:\/\/alground.com\/site\/wp-json\/wp\/v2\/types\/post"}],"author":[{"embeddable":true,"href":"https:\/\/alground.com\/site\/wp-json\/wp\/v2\/users\/3"}],"replies":[{"embeddable":true,"href":"https:\/\/alground.com\/site\/wp-json\/wp\/v2\/comments?post=60070"}],"version-history":[{"count":0,"href":"https:\/\/alground.com\/site\/wp-json\/wp\/v2\/posts\/60070\/revisions"}],"wp:featuredmedia":[{"embeddable":true,"href":"https:\/\/alground.com\/site\/wp-json\/wp\/v2\/media\/60072"}],"wp:attachment":[{"href":"https:\/\/alground.com\/site\/wp-json\/wp\/v2\/media?parent=60070"}],"wp:term":[{"taxonomy":"category","embeddable":true,"href":"https:\/\/alground.com\/site\/wp-json\/wp\/v2\/categories?post=60070"},{"taxonomy":"post_tag","embeddable":true,"href":"https:\/\/alground.com\/site\/wp-json\/wp\/v2\/tags?post=60070"}],"curies":[{"name":"wp","href":"https:\/\/api.w.org\/{rel}","templated":true}]}}