{"id":60075,"date":"2025-07-17T17:10:40","date_gmt":"2025-07-17T16:10:40","guid":{"rendered":"https:\/\/www.alground.com\/site\/?p=60075"},"modified":"2025-07-17T17:10:43","modified_gmt":"2025-07-17T16:10:43","slug":"genova-e-le-tasse-salis-servono-25-milioni","status":"publish","type":"post","link":"https:\/\/alground.com\/site\/genova-e-le-tasse-salis-servono-25-milioni\/60075\/","title":{"rendered":"Genova e le tasse. Salis: servono 25 milioni"},"content":{"rendered":"<div id=\"ez-toc-container\" class=\"ez-toc-v2_0_82_2 counter-hierarchy ez-toc-counter ez-toc-grey ez-toc-container-direction\">\n<p class=\"ez-toc-title\" style=\"cursor:inherit\">Punti chiave<\/p>\n<label for=\"ez-toc-cssicon-toggle-item-69f7298f0eeca\" class=\"ez-toc-cssicon-toggle-label\"><span class=\"\"><span class=\"eztoc-hide\" style=\"display:none;\">Toggle<\/span><span class=\"ez-toc-icon-toggle-span\"><svg style=\"fill: #999;color:#999\" xmlns=\"http:\/\/www.w3.org\/2000\/svg\" class=\"list-377408\" width=\"20px\" height=\"20px\" viewBox=\"0 0 24 24\" fill=\"none\"><path d=\"M6 6H4v2h2V6zm14 0H8v2h12V6zM4 11h2v2H4v-2zm16 0H8v2h12v-2zM4 16h2v2H4v-2zm16 0H8v2h12v-2z\" fill=\"currentColor\"><\/path><\/svg><svg style=\"fill: #999;color:#999\" class=\"arrow-unsorted-368013\" xmlns=\"http:\/\/www.w3.org\/2000\/svg\" width=\"10px\" height=\"10px\" viewBox=\"0 0 24 24\" version=\"1.2\" baseProfile=\"tiny\"><path d=\"M18.2 9.3l-6.2-6.3-6.2 6.3c-.2.2-.3.4-.3.7s.1.5.3.7c.2.2.4.3.7.3h11c.3 0 .5-.1.7-.3.2-.2.3-.5.3-.7s-.1-.5-.3-.7zM5.8 14.7l6.2 6.3 6.2-6.3c.2-.2.3-.5.3-.7s-.1-.5-.3-.7c-.2-.2-.4-.3-.7-.3h-11c-.3 0-.5.1-.7.3-.2.2-.3.5-.3.7s.1.5.3.7z\"\/><\/svg><\/span><\/span><\/label><input type=\"checkbox\"  id=\"ez-toc-cssicon-toggle-item-69f7298f0eeca\"  aria-label=\"Toggle\" \/><nav><ul class='ez-toc-list ez-toc-list-level-1 ' ><li class='ez-toc-page-1 ez-toc-heading-level-2'><a class=\"ez-toc-link ez-toc-heading-1\" href=\"https:\/\/alground.com\/site\/genova-e-le-tasse-salis-servono-25-milioni\/60075\/#Laumento_dellImu_e_le_scelte_difficili\" >L&#8217;aumento dell&#8217;Imu e le scelte difficili<\/a><\/li><li class='ez-toc-page-1 ez-toc-heading-level-2'><a class=\"ez-toc-link ez-toc-heading-2\" href=\"https:\/\/alground.com\/site\/genova-e-le-tasse-salis-servono-25-milioni\/60075\/#Come_saranno_investiti_i_25_milioni\" >Come saranno investiti i 25 milioni<\/a><\/li><li class='ez-toc-page-1 ez-toc-heading-level-2'><a class=\"ez-toc-link ez-toc-heading-3\" href=\"https:\/\/alground.com\/site\/genova-e-le-tasse-salis-servono-25-milioni\/60075\/#Il_confronto_con_la_precedente_amministrazione\" >Il confronto con la precedente amministrazione<\/a><\/li><li class='ez-toc-page-1 ez-toc-heading-level-2'><a class=\"ez-toc-link ez-toc-heading-4\" href=\"https:\/\/alground.com\/site\/genova-e-le-tasse-salis-servono-25-milioni\/60075\/#Il_salario_minimo_comunale\" >Il salario minimo comunale<\/a><\/li><li class='ez-toc-page-1 ez-toc-heading-level-2'><a class=\"ez-toc-link ez-toc-heading-5\" href=\"https:\/\/alground.com\/site\/genova-e-le-tasse-salis-servono-25-milioni\/60075\/#Le_prospettive_future\" >Le prospettive future<\/a><\/li><\/ul><\/nav><\/div>\n\n<p>Il Comune di Genova ha approvato una&nbsp;<strong>manovra di bilancio di emergenza da 25,5 milioni di euro<\/strong>, definita dalla sindaca Silvia Salis come &#8220;necessaria&#8221; per garantire la continuit\u00e0 dei servizi pubblici essenziali. La decisione, presa durante la seduta di giunta di gioved\u00ec 17 luglio, ha come obiettivo principale quello di&nbsp;<strong>colmare il gap finanziario che la nuova amministrazione ha ereditato<\/strong>&nbsp;dalla precedente gestione di centrodestra.<\/p>\n\n\n\n<p>La manovra, tecnicamente denominata &#8220;riequilibrio di bilancio&#8221;, deve essere approvata dal consiglio comunale entro la fine di luglio e rappresenta&nbsp;<strong>la prima grande sfida finanziaria della giunta Salis<\/strong>. Secondo quanto dichiarato dalla sindaca, l&#8217;amministrazione si \u00e8 trovata di fronte a un fabbisogno di oltre 50 milioni di euro, una cifra che con questa manovra scende a 25 milioni.<\/p>\n\n\n\n<h2 class=\"wp-block-heading\" id=\"laumento-dellimu-e-le-scelte-difficili\"><span class=\"ez-toc-section\" id=\"Laumento_dellImu_e_le_scelte_difficili\"><\/span>L&#8217;aumento dell&#8217;Imu e le scelte difficili<span class=\"ez-toc-section-end\"><\/span><\/h2>\n\n\n\n<p>La misura pi\u00f9 controversa della manovra \u00e8 senza dubbio&nbsp;<strong>l&#8217;aumento dell&#8217;aliquota Imu per i circa 27.000 alloggi a canone concordato<\/strong>, che passer\u00e0 dallo 0,78% all&#8217;1,06%. Questa decisione, che comporter\u00e0 un aumento medio di 190 euro annui per immobile, generer\u00e0 un gettito di circa 5,5 milioni di euro nelle casse comunali.<\/p>\n\n\n\n<p>La sindaca Salis ha spiegato che\u00a0<strong>&#8220;<a href=\"https:\/\/www.alground.com\/origin\/stangata-imu-sui-canoni-concordati-a-genova-colpita-la-fascia-debole\/60056\/\" title=\"Stangata IMU sui canoni concordati a Genova: colpita la fascia debole\">sappiamo che la manovra sull&#8217;Imu ha scatenato malcontento e non l&#8217;abbiamo decisa a cuor leggero<\/a>&#8220;<\/strong>, ma ha sottolineato come si sia trattata di &#8220;una scelta quasi obbligata dai tempi e dal bilancio che abbiamo ereditato&#8221;. L&#8217;amministrazione ha posto davanti a s\u00e9 due strade:\u00a0<strong>tagliare progressivamente i servizi pubblici oppure mantenerli chiedendo una contribuzione ai cittadini<\/strong>, optando decisamente per la seconda opzione.<\/p>\n\n\n\n<p>Le proteste non si sono fatte attendere. Il sindacato degli inquilini Sunia ha definito il provvedimento come&nbsp;<strong>&#8220;una misura che colpir\u00e0 direttamente i proprietari di case virtuosi&#8221;<\/strong>&nbsp;che scelgono di affittare a prezzi calmierati, con il rischio che l&#8217;aumento possa essere scaricato sugli inquilini o spingere i proprietari verso gli affitti brevi. Anche l&#8217;associazione dei piccoli proprietari Asppi ha duramente criticato la decisione, parlando di un&nbsp;<strong>&#8220;tradimento delle promesse elettorali&#8221;<\/strong>&nbsp;e di un errore grave nel giustificare l&#8217;aumento appellandosi ai servizi essenziali.<\/p>\n\n\n\n<h2 class=\"wp-block-heading\" id=\"come-saranno-investiti-i-25-milioni\"><span class=\"ez-toc-section\" id=\"Come_saranno_investiti_i_25_milioni\"><\/span>Come saranno investiti i 25 milioni<span class=\"ez-toc-section-end\"><\/span><\/h2>\n\n\n\n<p>La ripartizione dei fondi reperiti mostra chiaramente&nbsp;<strong>le priorit\u00e0 dell&#8217;amministrazione Salis<\/strong>. Ben 7 milioni di euro andranno al settore sociale, con 4 milioni destinati agli interventi residenziali per minorenni, 1 milione per i centri servizi per le famiglie e 640.000 euro per servizi di inclusione sociale e assistenza economica per persone con disabilit\u00e0.<\/p>\n\n\n\n<p>Altri 5,7 milioni saranno dedicati ai servizi scolastici, mentre&nbsp;<strong>2 milioni ciascuno andranno alla manutenzione delle strade e alla pulizia dei rivi<\/strong>. Il verde urbano ricever\u00e0 1,5 milioni, la cultura 1,1 milioni, la sicurezza 1,4 milioni, i progetti di digitalizzazione 2,5 milioni e il rinnovo contrattuale del personale 2 milioni.<\/p>\n\n\n\n<h2 class=\"wp-block-heading\" id=\"il-confronto-con-la-precedente-amministrazione\"><span class=\"ez-toc-section\" id=\"Il_confronto_con_la_precedente_amministrazione\"><\/span>Il confronto con la precedente amministrazione<span class=\"ez-toc-section-end\"><\/span><\/h2>\n\n\n\n<p>La questione del bilancio ha scatenato un acceso botta e risposta tra la nuova amministrazione e quella uscente. La sindaca Salis, gi\u00e0 al momento della presentazione della giunta, aveva denunciato&nbsp;<strong>&#8220;50 milioni di euro mancanti per il riequilibrio di bilancio&#8221;<\/strong>, oltre a specifici debiti come 1 milione per la tappa genovese della Ocean Race, 815.000 euro per i Balletti di Nervi, e 335.000 euro per garantire l&#8217;apertura dei musei della Lanterna e delle Emigrazioni.<\/p>\n\n\n\n<p>L&#8217;ex vicesindaco Pietro Piciocchi ha respinto duramente le accuse, mostrando documenti che attestano&nbsp;<strong>132 milioni di euro di cassa disponibile pi\u00f9 altri 127 milioni vincolati<\/strong>. Piciocchi ha rivendicato otto anni di bilanci chiusi in avanzo e una riduzione del debito comunale di quasi 300 milioni di euro.<\/p>\n\n\n\n<h2 class=\"wp-block-heading\" id=\"il-salario-minimo-comunale\"><span class=\"ez-toc-section\" id=\"Il_salario_minimo_comunale\"><\/span>Il salario minimo comunale<span class=\"ez-toc-section-end\"><\/span><\/h2>\n\n\n\n<p>Parallelamente alla manovra di bilancio, la giunta Salis ha approvato&nbsp;<strong>linee guida per garantire una retribuzione minima di 9 euro lordi all&#8217;ora<\/strong>&nbsp;per tutti i lavoratori impiegati negli appalti e subappalti del Comune. La misura, proposta dall&#8217;assessore al Lavoro Emilio Robotti, rappresenta secondo la sindaca&nbsp;<strong>&#8220;un valore simbolico fortissimo&#8221;<\/strong>&nbsp;e il mantenimento di una promessa elettorale per fermare il lavoro povero finanziato con denaro pubblico.<\/p>\n\n\n\n<h2 class=\"wp-block-heading\" id=\"le-prospettive-future\"><span class=\"ez-toc-section\" id=\"Le_prospettive_future\"><\/span>Le prospettive future<span class=\"ez-toc-section-end\"><\/span><\/h2>\n\n\n\n<p>La manovra approvata dalla giunta dovr\u00e0 ora passare al vaglio del consiglio comunale, dove \u00e8 atteso un dibattito acceso.&nbsp;<strong>L&#8217;opposizione di centrodestra, guidata da Pietro Piciocchi, si \u00e8 gi\u00e0 detta pronta a dare battaglia<\/strong>, contestando non solo l&#8217;aumento dell&#8217;Imu ma anche la narrativa del &#8220;disastro ereditato&#8221; che la nuova amministrazione ha costruito attorno ai conti comunali.<\/p>\n\n\n\n<p>La sindaca Salis ha per\u00f2 chiarito che&nbsp;<strong>&#8220;l&#8217;obiettivo della nostra azione \u00e8 garantire i servizi essenziali&#8221;<\/strong>, sottolineando come quando mancano le risorse &#8220;le prime a pagarne le spese sono le donne&#8221;. L&#8217;amministrazione ha cos\u00ec scelto di stabilizzare i settori dei servizi sociali e di reperire fondi per il welfare, considerandolo un investimento prioritario per la citt\u00e0.<\/p>\n","protected":false},"excerpt":{"rendered":"<p>Il Comune di Genova ha approvato una&nbsp;manovra di bilancio di emergenza da 25,5 milioni di euro, definita dalla sindaca Silvia Salis come &#8220;necessaria&#8221; per garantire la continuit\u00e0 dei servizi pubblici essenziali. La decisione, presa durante la seduta di giunta di gioved\u00ec 17 luglio, ha come obiettivo principale quello di&nbsp;colmare il gap finanziario che la nuova [&hellip;]<\/p>\n","protected":false},"author":16,"featured_media":60076,"comment_status":"closed","ping_status":"closed","sticky":false,"template":"","format":"standard","meta":{"pmpro_default_level":"","footnotes":""},"categories":[2150],"tags":[2220,2219],"class_list":{"0":"post-60075","1":"post","2":"type-post","3":"status-publish","4":"format-standard","5":"has-post-thumbnail","7":"category-politica","8":"tag-genova","9":"tag-liguria","10":"pmpro-has-access"},"aioseo_notices":[],"jetpack_featured_media_url":"https:\/\/alground.com\/site\/wp-content\/uploads\/2025\/07\/palazzo-tursi.jpg","wps_subtitle":"","_links":{"self":[{"href":"https:\/\/alground.com\/site\/wp-json\/wp\/v2\/posts\/60075","targetHints":{"allow":["GET"]}}],"collection":[{"href":"https:\/\/alground.com\/site\/wp-json\/wp\/v2\/posts"}],"about":[{"href":"https:\/\/alground.com\/site\/wp-json\/wp\/v2\/types\/post"}],"author":[{"embeddable":true,"href":"https:\/\/alground.com\/site\/wp-json\/wp\/v2\/users\/16"}],"replies":[{"embeddable":true,"href":"https:\/\/alground.com\/site\/wp-json\/wp\/v2\/comments?post=60075"}],"version-history":[{"count":0,"href":"https:\/\/alground.com\/site\/wp-json\/wp\/v2\/posts\/60075\/revisions"}],"wp:featuredmedia":[{"embeddable":true,"href":"https:\/\/alground.com\/site\/wp-json\/wp\/v2\/media\/60076"}],"wp:attachment":[{"href":"https:\/\/alground.com\/site\/wp-json\/wp\/v2\/media?parent=60075"}],"wp:term":[{"taxonomy":"category","embeddable":true,"href":"https:\/\/alground.com\/site\/wp-json\/wp\/v2\/categories?post=60075"},{"taxonomy":"post_tag","embeddable":true,"href":"https:\/\/alground.com\/site\/wp-json\/wp\/v2\/tags?post=60075"}],"curies":[{"name":"wp","href":"https:\/\/api.w.org\/{rel}","templated":true}]}}