{"id":60088,"date":"2025-07-18T11:35:51","date_gmt":"2025-07-18T10:35:51","guid":{"rendered":"https:\/\/www.alground.com\/site\/?p=60088"},"modified":"2025-07-18T11:35:53","modified_gmt":"2025-07-18T10:35:53","slug":"alle-radici-della-strana-alleanza-pd-m5s","status":"publish","type":"post","link":"https:\/\/alground.com\/site\/alle-radici-della-strana-alleanza-pd-m5s\/60088\/","title":{"rendered":"Alle radici della strana alleanza PD\u2013M5S"},"content":{"rendered":"<div id=\"ez-toc-container\" class=\"ez-toc-v2_0_82_2 counter-hierarchy ez-toc-counter ez-toc-grey ez-toc-container-direction\">\n<p class=\"ez-toc-title\" style=\"cursor:inherit\">Punti chiave<\/p>\n<label for=\"ez-toc-cssicon-toggle-item-69f7580cb98dd\" class=\"ez-toc-cssicon-toggle-label\"><span class=\"\"><span class=\"eztoc-hide\" style=\"display:none;\">Toggle<\/span><span class=\"ez-toc-icon-toggle-span\"><svg style=\"fill: #999;color:#999\" xmlns=\"http:\/\/www.w3.org\/2000\/svg\" class=\"list-377408\" width=\"20px\" height=\"20px\" viewBox=\"0 0 24 24\" fill=\"none\"><path d=\"M6 6H4v2h2V6zm14 0H8v2h12V6zM4 11h2v2H4v-2zm16 0H8v2h12v-2zM4 16h2v2H4v-2zm16 0H8v2h12v-2z\" fill=\"currentColor\"><\/path><\/svg><svg style=\"fill: #999;color:#999\" class=\"arrow-unsorted-368013\" xmlns=\"http:\/\/www.w3.org\/2000\/svg\" width=\"10px\" height=\"10px\" viewBox=\"0 0 24 24\" version=\"1.2\" baseProfile=\"tiny\"><path d=\"M18.2 9.3l-6.2-6.3-6.2 6.3c-.2.2-.3.4-.3.7s.1.5.3.7c.2.2.4.3.7.3h11c.3 0 .5-.1.7-.3.2-.2.3-.5.3-.7s-.1-.5-.3-.7zM5.8 14.7l6.2 6.3 6.2-6.3c.2-.2.3-.5.3-.7s-.1-.5-.3-.7c-.2-.2-.4-.3-.7-.3h-11c-.3 0-.5.1-.7.3-.2.2-.3.5-.3.7s.1.5.3.7z\"\/><\/svg><\/span><\/span><\/label><input type=\"checkbox\"  id=\"ez-toc-cssicon-toggle-item-69f7580cb98dd\"  aria-label=\"Toggle\" \/><nav><ul class='ez-toc-list ez-toc-list-level-1 ' ><li class='ez-toc-page-1 ez-toc-heading-level-2'><a class=\"ez-toc-link ez-toc-heading-1\" href=\"https:\/\/alground.com\/site\/alle-radici-della-strana-alleanza-pd-m5s\/60088\/#Igor_Taruffi\" >Igor Taruffi<\/a><\/li><li class='ez-toc-page-1 ez-toc-heading-level-2'><a class=\"ez-toc-link ez-toc-heading-2\" href=\"https:\/\/alground.com\/site\/alle-radici-della-strana-alleanza-pd-m5s\/60088\/#Paola_Taverna\" >Paola Taverna<\/a><\/li><li class='ez-toc-page-1 ez-toc-heading-level-2'><a class=\"ez-toc-link ez-toc-heading-3\" href=\"https:\/\/alground.com\/site\/alle-radici-della-strana-alleanza-pd-m5s\/60088\/#Trattative_e_mediazioni\" >Trattative e mediazioni<\/a><\/li><li class='ez-toc-page-1 ez-toc-heading-level-2'><a class=\"ez-toc-link ez-toc-heading-4\" href=\"https:\/\/alground.com\/site\/alle-radici-della-strana-alleanza-pd-m5s\/60088\/#Il_banco_di_prova_della_collaborazione\" >Il banco di prova della collaborazione<\/a><\/li><\/ul><\/nav><\/div>\n\n<p>La politica italiana sta vivendo una stagione cruciale, fatta di dialoghi sotterranei, trattative estenuanti e alleanze che, fino a poco tempo fa, sarebbero state considerate improbabili. Uno dei pi\u00f9 emblematici esempi di questo nuovo corso politico \u00e8 il rapporto tra <strong>Paola Taverna e Igor Taruffi<\/strong>, ribattezzati da molti come <em>la strana coppia<\/em> incaricata di guidare le trattative tra Partito Democratico e Movimento 5 Stelle per la scelta dei candidati alle prossime elezioni regionali. Figure centrali, diverse per biografia e temperamento, che si trovano ora al centro di una partita destinata a segnare il futuro del centrosinistra italiano.<\/p>\n\n\n\n<h2 class=\"wp-block-heading\"><span class=\"ez-toc-section\" id=\"Igor_Taruffi\"><\/span>Igor Taruffi<span class=\"ez-toc-section-end\"><\/span><\/h2>\n\n\n\n<figure class=\"wp-block-image size-large\"><img loading=\"lazy\" decoding=\"async\" width=\"1024\" height=\"512\" src=\"https:\/\/www.alground.com\/origin\/wp-content\/uploads\/2025\/07\/igor-taruffi-1024x512.jpg\" alt=\"\" class=\"wp-image-60093\" srcset=\"https:\/\/alground.com\/site\/wp-content\/uploads\/2025\/07\/igor-taruffi-1024x512.jpg 1024w, https:\/\/alground.com\/site\/wp-content\/uploads\/2025\/07\/igor-taruffi-300x150.jpg 300w, https:\/\/alground.com\/site\/wp-content\/uploads\/2025\/07\/igor-taruffi-768x384.jpg 768w, https:\/\/alground.com\/site\/wp-content\/uploads\/2025\/07\/igor-taruffi-840x420.jpg 840w, https:\/\/alground.com\/site\/wp-content\/uploads\/2025\/07\/igor-taruffi-150x75.jpg 150w, https:\/\/alground.com\/site\/wp-content\/uploads\/2025\/07\/igor-taruffi-696x348.jpg 696w, https:\/\/alground.com\/site\/wp-content\/uploads\/2025\/07\/igor-taruffi-1068x534.jpg 1068w, https:\/\/alground.com\/site\/wp-content\/uploads\/2025\/07\/igor-taruffi.jpg 1100w\" sizes=\"auto, (max-width: 1024px) 100vw, 1024px\" \/><\/figure>\n\n\n\n<p>All\u2019interno di questo scenario cos\u00ec complesso, <strong>Igor Taruffi<\/strong> rappresenta il volto pragmatico e ragionevole del Partito Democratico guidato da Elly Schlein. Cresciuto politicamente in Emilia-Romagna, Taruffi viene spesso dipinto come il \u201cbraccio destro\u201d della segretaria, colui che sa mischiare la determinazione al dialogo, grazie anche a una certa bonomia personale che lo rende abile mediatore. Schlein, consapevole delle sfide che l\u2019attendono, ha affidato proprio a lui il compito di tessere la tela delle alleanze locali: \u201c<strong>Testardamente unitari<\/strong>\u201d \u00e8 il mantra che accompagna il team di Taruffi, convinto che, in tutte le regioni chiamate al voto, l\u2019intesa tra PD e M5S sia la sola strada possibile per competere realmente contro il centrodestra.<\/p>\n\n\n\n<h2 class=\"wp-block-heading\"><span class=\"ez-toc-section\" id=\"Paola_Taverna\"><\/span>Paola Taverna<span class=\"ez-toc-section-end\"><\/span><\/h2>\n\n\n\n<figure class=\"wp-block-image size-large\"><img loading=\"lazy\" decoding=\"async\" width=\"1024\" height=\"512\" src=\"https:\/\/www.alground.com\/origin\/wp-content\/uploads\/2025\/07\/paola-taverna-1024x512.jpg\" alt=\"\" class=\"wp-image-60094\" srcset=\"https:\/\/alground.com\/site\/wp-content\/uploads\/2025\/07\/paola-taverna-1024x512.jpg 1024w, https:\/\/alground.com\/site\/wp-content\/uploads\/2025\/07\/paola-taverna-300x150.jpg 300w, https:\/\/alground.com\/site\/wp-content\/uploads\/2025\/07\/paola-taverna-768x384.jpg 768w, https:\/\/alground.com\/site\/wp-content\/uploads\/2025\/07\/paola-taverna-840x420.jpg 840w, https:\/\/alground.com\/site\/wp-content\/uploads\/2025\/07\/paola-taverna-150x75.jpg 150w, https:\/\/alground.com\/site\/wp-content\/uploads\/2025\/07\/paola-taverna-696x348.jpg 696w, https:\/\/alground.com\/site\/wp-content\/uploads\/2025\/07\/paola-taverna-1068x534.jpg 1068w, https:\/\/alground.com\/site\/wp-content\/uploads\/2025\/07\/paola-taverna.jpg 1100w\" sizes=\"auto, (max-width: 1024px) 100vw, 1024px\" \/><\/figure>\n\n\n\n<p>Sul fronte opposto, ma solo apparentemente, c\u2019\u00e8 <strong>Paola Taverna<\/strong>, ex vicepresidente del Senato e storica esponente pentastellata, ora <strong>assunta ufficialmente<\/strong> dallo stesso Movimento dopo aver esaurito i mandati parlamentari. Figura molto popolare tra la base grillina e dotata di una forte capacit\u00e0 di rappresentanza, Taverna si muove con disciplina rigida, determinata a non concedere alcuna subordinazione rispetto agli alleati del PD. La sua presenza nella trattativa, voluta esplicitamente da Giuseppe Conte, ha lo scopo di rafforzare il profilo di autonomia del Movimento, ormai deciso a non accettare passivamente ogni proposta proveniente dal Nazareno, pur senza precludere la via del dialogo.<\/p>\n\n\n\n<p>La peculiarit\u00e0 di questo tandem risiede proprio nelle loro differenze. Se Taruffi viene da Porretta Terme, portando con s\u00e9 i saperi e le pratiche della \u201cvecchia scuola\u201d dell\u2019Emilia rossa, Taverna \u00e8 il volto spigoloso e popolare della periferia romana, cresciuta fra la gente di Torre Maura, un quartiere non facile e che ne ha forgiato le doti di combattente. Insieme, si trovano a dover affrontare la sfida di una convergenza politica dove le differenze programmatiche e culturali rischiano di pesare pi\u00f9 delle eventuali intese personali.<\/p>\n\n\n\n<h2 class=\"wp-block-heading\"><span class=\"ez-toc-section\" id=\"Trattative_e_mediazioni\"><\/span>Trattative e mediazioni<span class=\"ez-toc-section-end\"><\/span><\/h2>\n\n\n\n<p>Nei numerosi incontri riservati che si svolgono tra Roma e le varie capitali regionali, <strong>i due portano avanti una trattativa fatta di continue mediazioni<\/strong>, protagonisti di lunghi confronti su candidati, programmi e priorit\u00e0. La regola non scritta del confronto tra Taverna e Taruffi \u00e8 che nulla viene dato per scontato: ogni candidatura, ogni formula programmatica deve essere discussa, pesata, valutata rispetto alle ripercussioni sulla rispettiva base elettorale. Questo lavor\u00eco capillare riflette sia la fragilit\u00e0 che il potenziale di una coalizione che pu\u00f2 rappresentare, per la prima volta in maniera credibile, un\u2019alternativa ad anni di dominio del centrodestra.<\/p>\n\n\n\n<p>Agli osservatori pi\u00f9 attenti non sfugge come il \u201ccampo largo\u201d promosso da Schlein abbia bisogno, oggi pi\u00f9 che mai, di interpreti capaci di <strong>tenere insieme sensibilit\u00e0 apparentemente inconciliabili<\/strong>: il rischio, certamente concreto, \u00e8 quello di un\u2019alleanza semplicemente aritmetica e non realmente politica, cio\u00e8 incapace di tradursi in un progetto unitario e riconoscibile agli occhi degli elettori. Eppure, le ultime tornate elettorali hanno dimostrato che la somma tra le forze del centrosinistra e del M5S, unita alle sigle minori e agli ambientalisti, pu\u00f2 effettivamente insidiare una destra che appare compatta soprattutto nelle urne, non altrettanto nei confronti delle emergenze sociali, economiche e ambientali.<\/p>\n\n\n\n<p>Nel retroscena di queste trattative, si trovano mille dettagli curiosi che restituiscono il clima delle infinite discussioni tra Paola e Igor. Si racconta, ad esempio, della caparbiet\u00e0 con cui Taruffi riesce a mantenere la calma anche nei momenti di pi\u00f9 alta tensione, oppure della fermezza con cui Taverna sa porre il veto su candidature che non ritiene all\u2019altezza delle aspettative del Movimento 5 Stelle. In tutto questo, nessuno dei due perde mai di vista l\u2019obiettivo di fondo: <strong>mostrare al proprio elettorato che l\u2019alleanza \u00e8 una scelta strategica, non una sottomissione reciproca<\/strong>, ma un compromesso necessario per contendere il governo delle Regioni e, pi\u00f9 in l\u00e0, del Paese.<\/p>\n\n\n\n<h2 class=\"wp-block-heading\"><span class=\"ez-toc-section\" id=\"Il_banco_di_prova_della_collaborazione\"><\/span>Il banco di prova della collaborazione<span class=\"ez-toc-section-end\"><\/span><\/h2>\n\n\n\n<p>La missione dei due negoziatori non \u00e8 priva di ostacoli: nell\u2019ultima stagione politica, il centrosinistra si \u00e8 spesso trasformato in un vero e proprio laboratorio di alchimie instabili, dove alla fine ha prevalso il senso di responsabilit\u00e0 verso il destino di un\u2019opposizione che non pu\u00f2 pi\u00f9 permettersi divisioni sterili. Tuttavia, nessuno ha dimenticato i tanti segnali di insofferenza provenienti soprattutto dalla componente pi\u00f9 movimentista del M5S, poco incline a sottostare agli equilibri imposti da un partito considerato, ancora oggi, \u201cdi sistema\u201d. Per questo motivo, la partita delle regionali rappresenta molto di pi\u00f9 di una semplice tornata amministrativa: <strong>\u00e8 il vero banco di prova per una collaborazione che pu\u00f2 ridefinire i rapporti a sinistra<\/strong> e dare un senso compiuto all\u2019idea di alternativa alla destra populista e sovranista che governa il Paese.<\/p>\n\n\n\n<p>Durante i conciliaboli di questi giorni, risulta chiaro come la posta in gioco sia particolarmente alta: le Regioni coinvolte sono strategiche non solo sul piano politico, ma anche su quello simbolico. Qui si misura la capacit\u00e0 di <strong>riaccendere la partecipazione, assottigliare il fenomeno dell\u2019astensione e, soprattutto, presentarsi come una coalizione capace di governare e non solo di opporsi<\/strong>. Nelle dichiarazioni ufficiali, sia dal Nazareno che dal quartier generale pentastellato, si ribadisce la volont\u00e0 di andare oltre la mera sommatoria delle sigle, puntando su candidati di alto profilo, credibili e radicati nei rispettivi territori.<\/p>\n\n\n\n<p>La leadership di Elly Schlein spinge verso una linea di chiarezza e unit\u00e0. Dal canto suo, il Movimento guidato da Conte vede nella partecipazione al processo di selezione dei candidati la possibilit\u00e0 di riaffermare la centralit\u00e0 della propria azione politica, al di l\u00e0 delle difficolt\u00e0 incontrate negli ultimi mesi. Schlein e Conte, pur con tutte le differenze di percorso e stile, condividono la consapevolezza che l\u2019elettorato chiede una <strong>risposta nuova alle mille emergenze sociali<\/strong> ancora irrisolte.<\/p>\n\n\n\n<p>Mentre le trattative procedono, si moltiplicano anche le indiscrezioni su possibili nomi e strategie. Nessuno dei due leader, per\u00f2, si lascia sfuggire nemmeno un commento fuori posto. Il compito di comunicare i progressi e, se necessario, i momenti di stallo \u00e8 solo dei due mediatori. Un equilibrio delicatissimo, che impone a entrambi di non apparire mai troppo arrendevoli, ma nemmeno pronti allo scontro frontale che nuocerebbe irrimediabilmente alla costruzione di una credibile alleanza di governo.<\/p>\n\n\n\n<p>La posta in gioco, quindi, non riguarda pi\u00f9 soltanto le posizioni o le candidature, ma <strong>il futuro dei due principali soggetti dell\u2019opposizione<\/strong>, chiamati a superare una storica diffidenza reciproca per cogliere la sfida di una stagione politica segnata da incertezza e crisi della rappresentanza. Il lavoro oscuro di Paola Taverna e Igor Taruffi rester\u00e0 probabilmente nell\u2019ombra, ma <strong>il suo esito sar\u00e0 determinante per il progetto di \u201ccampo largo\u201d che tanti auspicano e che oggi appare, per la prima volta dopo molto tempo, una possibilit\u00e0 concreta e non solo uno slogan da campagna elettorale<\/strong>.<br><\/p>\n","protected":false},"excerpt":{"rendered":"<p>La politica italiana sta vivendo una stagione cruciale, fatta di dialoghi sotterranei, trattative estenuanti e alleanze che, fino a poco tempo fa, sarebbero state considerate improbabili. Uno dei pi\u00f9 emblematici esempi di questo nuovo corso politico \u00e8 il rapporto tra Paola Taverna e Igor Taruffi, ribattezzati da molti come la strana coppia incaricata di guidare [&hellip;]<\/p>\n","protected":false},"author":3,"featured_media":60092,"comment_status":"closed","ping_status":"closed","sticky":false,"template":"","format":"standard","meta":{"pmpro_default_level":"","footnotes":""},"categories":[2150],"tags":[2224,2225],"class_list":{"0":"post-60088","1":"post","2":"type-post","3":"status-publish","4":"format-standard","5":"has-post-thumbnail","7":"category-politica","8":"tag-m5s","9":"tag-pd","10":"pmpro-has-access"},"aioseo_notices":[],"jetpack_featured_media_url":"https:\/\/alground.com\/site\/wp-content\/uploads\/2025\/07\/pd-5-stelle.jpg","wps_subtitle":"","_links":{"self":[{"href":"https:\/\/alground.com\/site\/wp-json\/wp\/v2\/posts\/60088","targetHints":{"allow":["GET"]}}],"collection":[{"href":"https:\/\/alground.com\/site\/wp-json\/wp\/v2\/posts"}],"about":[{"href":"https:\/\/alground.com\/site\/wp-json\/wp\/v2\/types\/post"}],"author":[{"embeddable":true,"href":"https:\/\/alground.com\/site\/wp-json\/wp\/v2\/users\/3"}],"replies":[{"embeddable":true,"href":"https:\/\/alground.com\/site\/wp-json\/wp\/v2\/comments?post=60088"}],"version-history":[{"count":0,"href":"https:\/\/alground.com\/site\/wp-json\/wp\/v2\/posts\/60088\/revisions"}],"wp:featuredmedia":[{"embeddable":true,"href":"https:\/\/alground.com\/site\/wp-json\/wp\/v2\/media\/60092"}],"wp:attachment":[{"href":"https:\/\/alground.com\/site\/wp-json\/wp\/v2\/media?parent=60088"}],"wp:term":[{"taxonomy":"category","embeddable":true,"href":"https:\/\/alground.com\/site\/wp-json\/wp\/v2\/categories?post=60088"},{"taxonomy":"post_tag","embeddable":true,"href":"https:\/\/alground.com\/site\/wp-json\/wp\/v2\/tags?post=60088"}],"curies":[{"name":"wp","href":"https:\/\/api.w.org\/{rel}","templated":true}]}}