{"id":60386,"date":"2025-09-10T18:51:13","date_gmt":"2025-09-10T17:51:13","guid":{"rendered":"https:\/\/www.alground.com\/site\/?p=60386"},"modified":"2025-09-10T18:51:15","modified_gmt":"2025-09-10T17:51:15","slug":"grab-ai-parioli-quando-la-mobilita-sostenibile-divide-i-cittadini","status":"publish","type":"post","link":"https:\/\/alground.com\/site\/grab-ai-parioli-quando-la-mobilita-sostenibile-divide-i-cittadini\/60386\/","title":{"rendered":"GRAB ai Parioli: quando la mobilit\u00e0 sostenibile divide i cittadini"},"content":{"rendered":"<div id=\"ez-toc-container\" class=\"ez-toc-v2_0_82_2 counter-hierarchy ez-toc-counter ez-toc-grey ez-toc-container-direction\">\n<p class=\"ez-toc-title\" style=\"cursor:inherit\">Punti chiave<\/p>\n<label for=\"ez-toc-cssicon-toggle-item-69f721acaa3c8\" class=\"ez-toc-cssicon-toggle-label\"><span class=\"\"><span class=\"eztoc-hide\" style=\"display:none;\">Toggle<\/span><span class=\"ez-toc-icon-toggle-span\"><svg style=\"fill: #999;color:#999\" xmlns=\"http:\/\/www.w3.org\/2000\/svg\" class=\"list-377408\" width=\"20px\" height=\"20px\" viewBox=\"0 0 24 24\" fill=\"none\"><path d=\"M6 6H4v2h2V6zm14 0H8v2h12V6zM4 11h2v2H4v-2zm16 0H8v2h12v-2zM4 16h2v2H4v-2zm16 0H8v2h12v-2z\" fill=\"currentColor\"><\/path><\/svg><svg style=\"fill: #999;color:#999\" class=\"arrow-unsorted-368013\" xmlns=\"http:\/\/www.w3.org\/2000\/svg\" width=\"10px\" height=\"10px\" viewBox=\"0 0 24 24\" version=\"1.2\" baseProfile=\"tiny\"><path d=\"M18.2 9.3l-6.2-6.3-6.2 6.3c-.2.2-.3.4-.3.7s.1.5.3.7c.2.2.4.3.7.3h11c.3 0 .5-.1.7-.3.2-.2.3-.5.3-.7s-.1-.5-.3-.7zM5.8 14.7l6.2 6.3 6.2-6.3c.2-.2.3-.5.3-.7s-.1-.5-.3-.7c-.2-.2-.4-.3-.7-.3h-11c-.3 0-.5.1-.7.3-.2.2-.3.5-.3.7s.1.5.3.7z\"\/><\/svg><\/span><\/span><\/label><input type=\"checkbox\"  id=\"ez-toc-cssicon-toggle-item-69f721acaa3c8\"  aria-label=\"Toggle\" \/><nav><ul class='ez-toc-list ez-toc-list-level-1 ' ><li class='ez-toc-page-1 ez-toc-heading-level-2'><a class=\"ez-toc-link ez-toc-heading-1\" href=\"https:\/\/alground.com\/site\/grab-ai-parioli-quando-la-mobilita-sostenibile-divide-i-cittadini\/60386\/#Una_protesta_che_nasce_dalle_preoccupazioni_concrete\" >Una protesta che nasce dalle preoccupazioni concrete<\/a><\/li><li class='ez-toc-page-1 ez-toc-heading-level-2'><a class=\"ez-toc-link ez-toc-heading-2\" href=\"https:\/\/alground.com\/site\/grab-ai-parioli-quando-la-mobilita-sostenibile-divide-i-cittadini\/60386\/#La_questione_parcheggi_numeri_che_fanno_paura\" >La questione parcheggi: numeri che fanno paura<\/a><\/li><li class='ez-toc-page-1 ez-toc-heading-level-2'><a class=\"ez-toc-link ez-toc-heading-3\" href=\"https:\/\/alground.com\/site\/grab-ai-parioli-quando-la-mobilita-sostenibile-divide-i-cittadini\/60386\/#La_risposta_dellamministrazione_no_ai_ripensamenti\" >La risposta dell&#8217;amministrazione: no ai ripensamenti<\/a><\/li><li class='ez-toc-page-1 ez-toc-heading-level-2'><a class=\"ez-toc-link ez-toc-heading-4\" href=\"https:\/\/alground.com\/site\/grab-ai-parioli-quando-la-mobilita-sostenibile-divide-i-cittadini\/60386\/#Il_GRAB_un_progetto_da_38_milioni_di_euro\" >Il GRAB: un progetto da 38 milioni di euro<\/a><\/li><li class='ez-toc-page-1 ez-toc-heading-level-2'><a class=\"ez-toc-link ez-toc-heading-5\" href=\"https:\/\/alground.com\/site\/grab-ai-parioli-quando-la-mobilita-sostenibile-divide-i-cittadini\/60386\/#Le_contraddizioni_di_un_quartiere_privilegiato\" >Le contraddizioni di un quartiere privilegiato<\/a><\/li><li class='ez-toc-page-1 ez-toc-heading-level-2'><a class=\"ez-toc-link ez-toc-heading-6\" href=\"https:\/\/alground.com\/site\/grab-ai-parioli-quando-la-mobilita-sostenibile-divide-i-cittadini\/60386\/#I_precedenti_e_le_lezioni_apprese\" >I precedenti e le lezioni apprese<\/a><\/li><li class='ez-toc-page-1 ez-toc-heading-level-2'><a class=\"ez-toc-link ez-toc-heading-7\" href=\"https:\/\/alground.com\/site\/grab-ai-parioli-quando-la-mobilita-sostenibile-divide-i-cittadini\/60386\/#Una_citta_che_cambia_volto\" >Una citt\u00e0 che cambia volto<\/a><\/li><\/ul><\/nav><\/div>\n\n<p><strong>Roma si risveglia dall&#8217;estate con una protesta digitale senza precedenti nei quartieri Parioli e Flaminio<\/strong>. Al rientro dalle vacanze, centinaia di residenti hanno trovato cartelli e recinzioni di cantiere che annunciavano l&#8217;avvio dei lavori per il GRAB, il Grande Raccordo Anulare delle Biciclette, scatenando <strong>una tempesta di oltre 500 PEC inviate al Dipartimento Mobilit\u00e0 del Comune<\/strong>.<\/p>\n\n\n\n<p>Il progetto che dovrebbe trasformare Roma in una citt\u00e0 pi\u00f9 sostenibile si sta scontrando con la realt\u00e0 di un territorio densamente popolato e gi\u00e0 congestionato dal traffico. I lavori, iniziati nel quadrante nord della capitale, interessano arterie cruciali come <strong>via Panama, piazza Ungheria, viale delle Belle Arti, via Flaminia, via Guido Reni e viale Beato Angelico<\/strong>, fino ad arrivare a piazza Cavour.<\/p>\n\n\n\n<h2 class=\"wp-block-heading\" id=\"una-protesta-che-nasce-dalle-preoccupazioni-concre\"><span class=\"ez-toc-section\" id=\"Una_protesta_che_nasce_dalle_preoccupazioni_concrete\"><\/span>Una protesta che nasce dalle preoccupazioni concrete<span class=\"ez-toc-section-end\"><\/span><\/h2>\n\n\n\n<p><strong>La rabbia dei residenti non \u00e8 solo simbolica ma poggia su problemi concreti che temono di dover affrontare nei prossimi mesi<\/strong>. Il principale motivo di allarme riguarda il restringimento delle carreggiate stradali, conseguenza diretta dei cantieri attivi. Questo cambiamento, secondo i cittadini, render\u00e0 il transito dei veicoli pi\u00f9 lento e congestionato, soprattutto con la riapertura delle scuole e il ritorno a pieno regime della vita <\/p>\n\n\n\n<p>Le strade coinvolte nei lavori sono arterie fondamentali per la circolazione nel quadrante nord di Roma. <strong>Il restringimento di queste vie potrebbe creare un effetto domino su tutto il sistema viario circostante<\/strong>, rendendo i tragitti quotidiani particolarmente difficoltosi. I residenti parlano apertamente di &#8220;caos completo&#8221; e di situazioni che diventeranno &#8220;inaffrontabili&#8221;.<\/p>\n\n\n\n<h2 class=\"wp-block-heading\" id=\"la-questione-parcheggi-numeri-che-fanno-paura\"><span class=\"ez-toc-section\" id=\"La_questione_parcheggi_numeri_che_fanno_paura\"><\/span>La questione parcheggi: numeri che fanno paura<span class=\"ez-toc-section-end\"><\/span><\/h2>\n\n\n\n<p>Oltre ai problemi di viabilit\u00e0, <strong>la questione dei parcheggi rappresenta forse l&#8217;aspetto pi\u00f9 controverso dell&#8217;intera operazione<\/strong>. Il progetto del GRAB comporta infatti la sottrazione di centinaia di posti auto lungo il suo percorso. I numeri sono impressionanti: <strong>solo su via Guido Reni si parla di un taglio di oltre 230 parcheggi sui 410 disponibili<\/strong> fino a prima dell&#8217;estate. Anche via Panama subir\u00e0 una diminuzione significativa, con la perdita stimata di almeno settanta posti <\/p>\n\n\n\n<p><strong>Questa drastica riduzione delle aree di sosta sta generando notevole disagio tra i residenti<\/strong>, che gi\u00e0 si trovano quotidianamente a lottare per trovare un posto per le proprie auto. La filosofia del progetto prevede che i cittadini, trovandosi di fronte alla riduzione dei parcheggi, siano incentivati a scegliere la bicicletta evitando l&#8217;uso dell&#8217;automobile. Una strategia che, almeno sulla carta, dovrebbe portare benefici ambientali e di mobilit\u00e0 sostenibile.<\/p>\n\n\n\n<h2 class=\"wp-block-heading\" id=\"la-risposta-dellamministrazione-no-ai-ripensamenti\"><span class=\"ez-toc-section\" id=\"La_risposta_dellamministrazione_no_ai_ripensamenti\"><\/span>La risposta dell&#8217;amministrazione: no ai ripensamenti<span class=\"ez-toc-section-end\"><\/span><\/h2>\n\n\n\n<p><strong>L&#8217;assessore alla Mobilit\u00e0 del Campidoglio, Eugenio Patan\u00e8, ha risposto alle proteste direttamente da Atlanta<\/strong>, dove si trova per partecipare al congresso mondiale sui sistemi di trasporto intelligenti. La sua posizione \u00e8 chiara e inflessibile: <strong>il progetto del GRAB \u00e8 ormai in fase di attuazione, con un contratto gi\u00e0 firmato con l&#8217;impresa esecutrice, e non \u00e8 possibile tornare indietro o apportare modifiche sostanziali<\/strong>.<\/p>\n\n\n\n<p>Patan\u00e8 ha sottolineato che interrompere i lavori comporterebbe un danno erariale, specificando che la fase progettuale \u00e8 definitivamente conclusa. Tuttavia, l&#8217;assessore ha aperto a <strong>un dialogo con i residenti, ma solo per affrontare la questione della viabilit\u00e0 e delle &#8220;compensazioni&#8221;<\/strong> in termini di soluzioni alternative per il traffico. Un incontro per discutere queste misure \u00e8 stato programmato per i primi di settembre, prima dell&#8217;inizio dell&#8217;anno scolastico e dell&#8217;ulteriore aumento del traffico previsto.<\/p>\n\n\n\n<h2 class=\"wp-block-heading\" id=\"il-grab-un-progetto-da-38-milioni-di-euro\"><span class=\"ez-toc-section\" id=\"Il_GRAB_un_progetto_da_38_milioni_di_euro\"><\/span>Il GRAB: un progetto da 38 milioni di euro<span class=\"ez-toc-section-end\"><\/span><\/h2>\n\n\n\n<p><strong>Il Grande Raccordo Anulare delle Biciclette rappresenta uno degli investimenti pi\u00f9 importanti nella mobilit\u00e0 sostenibile romana degli ultimi anni<\/strong>. Il progetto prevede <strong>un percorso ciclabile di circa 50 chilometri che attraversa i luoghi pi\u00f9 significativi di Roma<\/strong>, dal centro alla periferia, collegando monumenti iconici come il Colosseo, il Palatino, le Terme di Caracalla, l&#8217;Appia Antica e numerosi parchi urbani.<\/p>\n\n\n\n<p><strong>L&#8217;investimento complessivo ammonta a circa 38 milioni di euro, finanziato in parte dai fondi del Piano Nazionale di Ripresa e Resilienza (PNRR)<\/strong>. Il progetto \u00e8 stato suddiviso in 6 lotti, ognuno con caratteristiche specifiche. I lavori sono stati affidati ad Astral, la societ\u00e0 pubblica regionale che si occupa di strade e ferrovie.<\/p>\n\n\n\n<h2 class=\"wp-block-heading\" id=\"le-contraddizioni-di-un-quartiere-privilegiato\"><span class=\"ez-toc-section\" id=\"Le_contraddizioni_di_un_quartiere_privilegiato\"><\/span>Le contraddizioni di un quartiere privilegiato<span class=\"ez-toc-section-end\"><\/span><\/h2>\n\n\n\n<p><strong>La protesta dei Parioli solleva questioni che vanno oltre la semplice opposizione a una ciclabile<\/strong>. Il quartiere, tradizionalmente considerato tra i pi\u00f9 benestanti della capitale, presenta caratteristiche che lo rendono diverso dal resto della citt\u00e0. Come emerge da alcune discussioni online, i Parioli godono di una pulizia e di una manutenzione superiore rispetto ad altri quartieri romani.<\/p>\n\n\n\n<p><strong>Le motivazioni della protesta diventano cos\u00ec pi\u00f9 complesse<\/strong>: da un lato c&#8217;\u00e8 la legittima preoccupazione per i disagi che i cantieri possono comportare, dall&#8217;altro emerge una certa resistenza al cambiamento da parte di una popolazione abituata a standard di comfort urbano elevati. La presenza dell&#8217;universit\u00e0 LUISS nella zona aggiunge un ulteriore elemento di complessit\u00e0, con la perdita di parcheggi che potrebbe impattare su studenti e personale universitario.<\/p>\n\n\n\n<h2 class=\"wp-block-heading\" id=\"i-precedenti-e-le-lezioni-apprese\"><span class=\"ez-toc-section\" id=\"I_precedenti_e_le_lezioni_apprese\"><\/span>I precedenti e le lezioni apprese<span class=\"ez-toc-section-end\"><\/span><\/h2>\n\n\n\n<p><strong>Non \u00e8 la prima volta che Roma si trova ad affrontare proteste legate alla realizzazione di infrastrutture ciclabili<\/strong>. Il GRAB stesso ha una storia lunga e travagliata, iniziata con l&#8217;amministrazione Raggi e proseguita con quella Gualtieri. Il progetto ha subito diverse modifiche nel corso degli anni, adattandosi alle esigenze del territorio e alle interferenze con altri cantieri, compresi quelli giubilari.<\/p>\n\n\n\n<p><strong>L&#8217;esperienza di altri progetti simili in Europa dimostra che le resistenze iniziali spesso si trasformano in apprezzamento una volta completate le opere<\/strong>. Tuttavia, il successo di questi interventi dipende molto dalla qualit\u00e0 della realizzazione e dalla capacit\u00e0 di minimizzare i disagi durante la fase di cantiere.<\/p>\n\n\n\n<h2 class=\"wp-block-heading\" id=\"una-citt-che-cambia-volto\"><span class=\"ez-toc-section\" id=\"Una_citta_che_cambia_volto\"><\/span>Una citt\u00e0 che cambia volto<span class=\"ez-toc-section-end\"><\/span><\/h2>\n\n\n\n<p><strong>Il caso del GRAB ai Parioli rappresenta in miniatura le sfide che Roma deve affrontare per diventare una metropoli pi\u00f9 sostenibile<\/strong>. La transizione verso forme di mobilit\u00e0 pi\u00f9 ecologiche richiede inevitabilmente dei sacrifici e dei cambiamenti nelle abitudini consolidate dei cittadini. <strong>La resistenza di una parte della popolazione riflette le difficolt\u00e0 di questo processo di trasformazione urbana<\/strong>.<\/p>\n\n\n\n<p>D&#8217;altra parte, <strong>i sostenitori del progetto sottolineano i benefici a lungo termine<\/strong>: riduzione dell&#8217;inquinamento atmoserico, miglioramento della qualit\u00e0 della vita, valorizzazione del patrimonio storico e ambientale della citt\u00e0. Il GRAB, una volta completato, potrebbe diventare uno dei percorsi ciclabili urbani pi\u00f9 spettacolari d&#8217;Europa, collegando in un unico anello alcuni dei siti archeologici e paesaggistici pi\u00f9 importanti al mondo.<\/p>\n\n\n\n<p><strong>La sfida per l&#8217;amministrazione capitolina sar\u00e0 quella di gestire questa fase di transizione minimizzando i disagi per i residenti e dimostrando che i benefici del progetto supereranno le difficolt\u00e0 temporanee<\/strong>. Il dialogo annunciato dall&#8217;assessore Patan\u00e8 rappresenta un primo passo in questa direzione, ma sar\u00e0 fondamentale trovare soluzioni concrete per le preoccupazioni legittime espresse dai cittadini. Solo cos\u00ec il GRAB potr\u00e0 trasformarsi da motivo di protesta a simbolo di una Roma pi\u00f9 moderna e sostenibile.<\/p>\n","protected":false},"excerpt":{"rendered":"<p>Roma si risveglia dall&#8217;estate con una protesta digitale senza precedenti nei quartieri Parioli e Flaminio. Al rientro dalle vacanze, centinaia di residenti hanno trovato cartelli e recinzioni di cantiere che annunciavano l&#8217;avvio dei lavori per il GRAB, il Grande Raccordo Anulare delle Biciclette, scatenando una tempesta di oltre 500 PEC inviate al Dipartimento Mobilit\u00e0 del [&hellip;]<\/p>\n","protected":false},"author":3,"featured_media":60388,"comment_status":"closed","ping_status":"closed","sticky":false,"template":"","format":"standard","meta":{"pmpro_default_level":"","footnotes":""},"categories":[2150],"tags":[2143,2226],"class_list":{"0":"post-60386","1":"post","2":"type-post","3":"status-publish","4":"format-standard","5":"has-post-thumbnail","7":"category-politica","8":"tag-lazio","9":"tag-roma","10":"pmpro-has-access"},"aioseo_notices":[],"jetpack_featured_media_url":"https:\/\/alground.com\/site\/wp-content\/uploads\/2025\/09\/grab-parioli.jpg","wps_subtitle":"","_links":{"self":[{"href":"https:\/\/alground.com\/site\/wp-json\/wp\/v2\/posts\/60386","targetHints":{"allow":["GET"]}}],"collection":[{"href":"https:\/\/alground.com\/site\/wp-json\/wp\/v2\/posts"}],"about":[{"href":"https:\/\/alground.com\/site\/wp-json\/wp\/v2\/types\/post"}],"author":[{"embeddable":true,"href":"https:\/\/alground.com\/site\/wp-json\/wp\/v2\/users\/3"}],"replies":[{"embeddable":true,"href":"https:\/\/alground.com\/site\/wp-json\/wp\/v2\/comments?post=60386"}],"version-history":[{"count":0,"href":"https:\/\/alground.com\/site\/wp-json\/wp\/v2\/posts\/60386\/revisions"}],"wp:featuredmedia":[{"embeddable":true,"href":"https:\/\/alground.com\/site\/wp-json\/wp\/v2\/media\/60388"}],"wp:attachment":[{"href":"https:\/\/alground.com\/site\/wp-json\/wp\/v2\/media?parent=60386"}],"wp:term":[{"taxonomy":"category","embeddable":true,"href":"https:\/\/alground.com\/site\/wp-json\/wp\/v2\/categories?post=60386"},{"taxonomy":"post_tag","embeddable":true,"href":"https:\/\/alground.com\/site\/wp-json\/wp\/v2\/tags?post=60386"}],"curies":[{"name":"wp","href":"https:\/\/api.w.org\/{rel}","templated":true}]}}