{"id":60791,"date":"2025-11-13T18:21:17","date_gmt":"2025-11-13T17:21:17","guid":{"rendered":"https:\/\/www.alground.com\/site\/?p=60791"},"modified":"2025-11-13T18:21:21","modified_gmt":"2025-11-13T17:21:21","slug":"i-cecchini-del-weekend-di-sarajevo-linchiesta-italiana-sui-safari-umani-durante-lassedio","status":"publish","type":"post","link":"https:\/\/alground.com\/site\/i-cecchini-del-weekend-di-sarajevo-linchiesta-italiana-sui-safari-umani-durante-lassedio\/60791\/","title":{"rendered":"I &#8220;Cecchini del Weekend&#8221; di Sarajevo: l&#8217;Inchiesta Italiana sui Safari Umani durante l&#8217;Assedio"},"content":{"rendered":"\n<p>Durante l&#8217;assedio di Sarajevo, uno dei pi\u00f9 lunghi e tragici della storia moderna, si consumava un orrore che solo oggi viene alla luce con maggiore evidenza. Mentre la capitale bosniaca veniva bombardata quotidianamente ei suoi abitanti correvano tra le vie sotto il fuoco dei cecchini, alcuni facoltosi cittadini stranieri pagavano cifre esorbitanti per partecipare a quella che \u00e8 stata definita una vera e propria &#8220;caccia all&#8217;uomo&#8221;.&nbsp;<strong>La Procura di Milano ha aperto un&#8217;inchiesta su questi presunti &#8220;safari umani&#8221;<\/strong>&nbsp;, un&#8217;indagine che potrebbe finalmente fare luce su uno degli episodi pi\u00f9 macabri della guerra in Bosnia.<a rel=\"noreferrer noopener\" target=\"_blank\" href=\"https:\/\/www.telegraph.co.uk\/world-news\/2025\/11\/11\/italy-investigation-siege-of-sarajevo-bosnian-war\/\"><\/a>\u200b<\/p>\n\n\n\n<p>L&#8217;inchiesta \u00e8 stata avviata dal pubblico ministero Alessandro Gobbis, che coordina l&#8217;unit\u00e0 antiterrorismo della Procura milanese, sulla base di un esposto dal giornalista e scrittore Ezio Gavazzeni, assistito dagli avvocati Nicola Brigida e dall&#8217;ex magistrato Guido Salvini, figura di spicco della magistratura italiana nota per aver condotto importanti inchieste sul terrorismo e sulla strategia della tensione. Il fascicolo, aperto per volontario plurimo aggravato da motivi abietti e dalla crudelt\u00e0, \u00e8 al momento contro ignoti, maomicidio l&#8217;obiettivo degli investigatori \u00e8 chiaro: gli italiani che avrebbero preso parte a questi crimini efferati.<a rel=\"noreferrer noopener\" target=\"_blank\" href=\"https:\/\/english.elpais.com\/international\/2025-11-11\/human-safaris-in-sarajevo-milan-investigates-1990s-trips-where-tourists-allegedly-paid-to-kill-civilians.html\"><\/a>\u200b<\/p>\n\n\n\n<p>Secondo le testimonianze raccolte nel dossier di 17 pagine depositato a gennaio,&nbsp;<strong>i cosiddetti &#8220;cecchini del weekend&#8221; erano perlopi\u00f9 uomini benestanti, appassionati di armi e spesso legati ad ambienti dell&#8217;estrema destra<\/strong>&nbsp;, che si radunavano nel nord Italia, principalmente a Trieste, per poi essere trasportati sulle colline che circondano Sarajevo. Da queste posizioni elevate, che dominavano la citt\u00e0, potevano sparare sui civili che tentavano disperatamente di attraversare le strade per procurarsi cibo e acqua.&nbsp;<strong>Le somme pagate per questa macabra esperienza oscillavano tra gli 80.000 ei 100.000 euro<\/strong>&nbsp;, cifre enormi anche per gli standard odierni, che garantivano ai &#8220;turisti della guerra&#8221; l&#8217;opportunit\u00e0 di sparare su esseri umani indifesi come se fossero prede in un safari africano.<a rel=\"noreferrer noopener\" target=\"_blank\" href=\"https:\/\/www.indiatoday.in\/world\/story\/wealthy-italians-paid-bosnia-kill-civilians-1990s-civil-war-report-2818578-2025-11-13\"><\/a>\u200b<\/p>\n\n\n\n<p>Ma l&#8217;aspetto forse pi\u00f9 agghiacciante di questa vicenda riguarda&nbsp;<strong>l&#8217;esistenza di un vero e proprio listino prezzi per le vittime<\/strong>&nbsp;. Secondo quanto emerso dalle indagini, sparare a un bambino costava di pi\u00f9, seguito dal costo per uccidere uomini armati in uniforme, poi donne, mentre gli anziani potevano essere presi di mira gratuitamente. Questa differenziazione tariffaria trasformava la vita umana in una merce, in un prodotto da acquistare per soddisfare gli impulsi sadici e il desiderio di provare l&#8217;adrenalina dell&#8217;uccisione senza conseguenze.<a rel=\"noreferrer noopener\" target=\"_blank\" href=\"https:\/\/www.unionesarda.it\/en\/italy\/they-paid-to-shoot-in-sarajevo-quot-children-cost-morequot-an-investigation-into-the-quot-weekend-snipersquot-is-underway-in-milan-banel924\"><\/a>\u200b<\/p>\n\n\n\n<p>L&#8217;organizzazione di questi viaggi dell&#8217;orrore era complessa e coinvolgeva diverse figure. I partecipanti volavano da Trieste a Belgrado utilizzando l&#8217;infrastruttura della compagnia aerea serba Aviogenex, che negli anni Novanta operava anche collegamenti charter.&nbsp;<strong>Da Belgrado, gli aspiranti cecchini venivano poi trasportati via terra o tramite elicotteri dell&#8217;esercito jugoslavo fino a Pale<\/strong>&nbsp;, la cittadina a una decina di chilometri da Sarajevo che era diventata la capitale della Repubblica Serba di Bosnia, controllata dalle forze di Radovan Karadzic, il leader serbo-bosniaco poi condannato per genocidio e crimini contro l&#8217;umanit\u00e0.<a rel=\"noreferrer noopener\" target=\"_blank\" href=\"https:\/\/newlinesmag.com\/spotlight\/documentary-film-alleges-that-foreigners-took-part-in-civilian-hunting-in-bosnian-capital\/\"><\/a>\u200b<\/p>\n\n\n\n<p>Una volta giunti a destinazione, i &#8220;turisti&#8221; sono venuti accompagnati da membri dell&#8217;esercito serbo-bosniaco alle postazioni di cecchini gi\u00e0 operative intorno alla citt\u00e0. Qui ricevevano le armi e potevano sparare liberamente sulla popolazione civile. Alcune testimonianze hanno descritto scene in cui questi stranieri, facilmente riconoscibili per l&#8217;abbigliamento inappropriato al contesto di guerra urbana e per le armi pi\u00f9 adatte alla caccia in foresta che al combattimento nei Balcani, venivano guidati quasi per mano da militari locali che conoscevano perfettamente il terreno.<a rel=\"noreferrer noopener\" target=\"_blank\" href=\"https:\/\/iwpr.net\/global-voices\/former-firefighter-recalls-sarajevo-siege\"><\/a>\u200b<\/p>\n\n\n\n<p>Una delle testimonianze pi\u00f9 significative raccolte da Gavazzeni proviene da un ex agente dell&#8217;intelligence bosniaca, identificato nel dossier con le iniziali ES, che ha fornito dettagli cruciali su come le autorit\u00e0 locali fossero venute a conoscenza del fenomeno.&nbsp;<strong>Questo testimone ha affermato che alla fine del 1993 i servizi segreti bosniaci informarono il SISMI, il servizio di intelligence militare italiano dell&#8217;epoca, della presenza di almeno cinque italiani sulle colline intorno a Sarajevo<\/strong>&nbsp;, accompagnati specificatamente per sparare ai civili. L&#8217;ex 007 bosniaco ha raccontato che le informazioni provenivano dall&#8217;interrogatorio di un volontario serbo catturato, il quale aveva rivelato di aver viaggiato da Belgrado alla Bosnia insieme a cinque stranieri, di cui almeno tre erano italiani e uno aveva dichiarato di provenire da Milano.<a rel=\"noreferrer noopener\" target=\"_blank\" href=\"https:\/\/tg24.sky.it\/cronaca\/2025\/11\/11\/cecchini-weekend-sarajevo-italiani\"><\/a>\u200b<\/p>\n\n\n\n<p>Secondo questa fonte,&nbsp;<strong>le comunicazioni tra l&#8217;intelligence bosniaca e quella italiana erano frequenti<\/strong>&nbsp;durante quel periodo, e le informazioni sui &#8220;safari&#8221; furono trasmesse agli ufficiali del SISMI presenti a Sarajevo all&#8217;inizio del 1994. La risposta italiana sarebbe arrivata due o tre mesi dopo, con l&#8217;assicurazione che i servizi avevano scoperto che i viaggi partivano da Trieste e che erano riusciti a bloccarli. Tuttavia, non furono mai forniti i nomi degli organizzatori o dei partecipanti, e la documentazione relativa a questa corrispondenza sarebbe conservata negli archivi bosniaci come materiale classificato &#8220;top secret&#8221;, accessibile solo tramite ordine giudiziario.<a rel=\"noreferrer noopener\" target=\"_blank\" href=\"https:\/\/english.elpais.com\/international\/2025-11-12\/the-investigation-into-human-safaris-in-sarajevo-we-hope-to-identify-some-of-those-responsible.html\"><\/a>\u200b<\/p>\n\n\n\n<p>Questa rivelazione solleva interrogativi inquietanti sul livello di conoscenza che le autorit\u00e0 italiane avevano del fenomeno e sulle azioni intraprese per fermarlo. Se davvero il SISMI era stato informato nel 1994 e aveva identificato Trieste come punto di partenza avviati di questi viaggi, perch\u00e9 non furono effettuate indagini per identificare e i responsabili? La mancanza di azioni concrete da parte dello Stato italiano all&#8217;epoca potrebbe configurare responsabilit\u00e0 che ora i magistrati milanesi intendono accertare.<a rel=\"noreferrer noopener\" target=\"_blank\" href=\"https:\/\/english.elpais.com\/international\/2025-11-12\/the-investigation-into-human-safaris-in-sarajevo-we-hope-to-identify-some-of-those-responsible.html?outputType=amp\"><\/a>\u200b<\/p>\n\n\n\n<p>L&#8217;indagine di Gavazzeni non si basa solo su testimonianze orali, ma include anche riferimenti a documenti ufficiali ea procedimenti giudiziari internazionali.&nbsp;<strong>Nel 2007, durante il processo al comandante dell&#8217;esercito serbo-bosniaco Ratko Mladic presso il Tribunale Penale Internazionale per l&#8217;ex Jugoslavia all&#8217;Aja, un testimone chiave aveva gi\u00e0 parlato dei &#8220;turisti cecchini&#8221;<\/strong>&nbsp;. Si trattava di John Jordan, un ex vigile del fuoco americano che aveva operato come volontario a Sarajevo durante l&#8217;assedio. Jordan aveva dichiarato di aver assistito in pi\u00f9 occasioni alla presenza di persone che non sembravano locali, identificabili dal loro abbigliamento, dalle armi che portavano e dal modo in cui venivano guidati e trattati dai militari serbo-bosniaci.<a rel=\"noreferrer noopener\" target=\"_blank\" href=\"https:\/\/theweek.com\/crime\/who-were-the-weekend-snipers-of-sarajevo\"><\/a>\u200b<\/p>\n\n\n\n<p>Jordan aveva descritto questi individui come &#8220;tourist shooters&#8221;, turisti cecchini, e aveva spiegato che erano evidenti per il loro comportamento e per il fatto che portavano armi da caccia inadatte al contesto di combattimento urbano nei Balcani. Il vigile del fuoco aveva testimoniato di averli visti a Grbavica, uno dei quartieri di Sarajevo controllati dai serbo-bosniaci, e in altre posizioni di osservazione intorno alla citt\u00e0. La sua testimonianza aveva gi\u00e0 sollevato dubbi e domande, ma solo ora, con l&#8217;inchiesta milanese, questi elementi stanno venendo collegati in un quadro investigativo coerente.<a rel=\"noreferrer noopener\" target=\"_blank\" href=\"https:\/\/www.ilfattoquotidiano.it\/2025\/11\/10\/inchiesta-a-milano-per-i-safari-della-morte-di-sarajevo-si-indaga-sui-turisti-che-pagavano-per-essere-cecchini\/8190978\/\"><\/a>\u200b<\/p>\n\n\n\n<p>Un altro elemento cruciale dell&#8217;inchiesta riguarda il documentario &#8220;Sarajevo Safari&#8221;, realizzato nel 2022 dal regista sloveno Miran Zupanic e prodotto da Al Jazeera Balkans. Questo film di 75 minuti, presentato in anteprima al festival internazionale del documentario di Sarajevo nel settembre 2022, ha raccolto testimonianze e dimostra che hanno contribuito a riportare l&#8217;attenzione su questo fenomeno.&nbsp;<strong>Il documentario include l&#8217;intervista a un testimone protetto, un ex ufficiale dell&#8217;intelligence che ha raccontato di aver assistito personalmente a sette episodi di cecchini stranieri in azione tra il 1992 e il 1994<\/strong>&nbsp;.<a rel=\"noreferrer noopener\" target=\"_blank\" href=\"https:\/\/www.valigiablu.it\/sarajevo-safari-turismo-cecchini-guerra-bosnia\/\"><\/a>\u200b<\/p>\n\n\n\n<p>Questo testimone anonimo ha descritto con precisione le scene che aveva osservato: uomini venuti da lontano, chiaramente benestanti a giudicare dal loro aspetto e comportamento, che venivano accompagnati da militari serbo-bosniaci in posizioni di tiro strategiche. La tensione e l&#8217;eccitazione di questi &#8220;cacciatori&#8221; erano palpabili prima dell&#8217;azione, come se si preparassero per una battuta di caccia sportiva. Il testimone ha sottolineato le notevoli capacit\u00e0 di tiro di alcuni di questi individui, confermando che non si trattava di dilettanti ma di persone con esperienza nell&#8217;uso delle armi.<a rel=\"noreferrer noopener\" target=\"_blank\" href=\"https:\/\/newlinesmag.com\/spotlight\/documentary-film-alleges-that-foreigners-took-part-in-civilian-hunting-in-bosnian-capital\/\"><\/a>\u200b<\/p>\n\n\n\n<p>Il regista Zupanic ha cercato non solo di documentare i fatti, ma anche di indagare gli aspetti psicologici di persone disposte a rischiare la propria vita entrando in una zona di guerra ea pagare somme ingenti per il &#8220;piacere&#8221; di uccidere civili sconosciuti. Nelle interviste rilasciate per promuovere il film, Zupanic ha spiegato che \u00e8 fondamentale comprendere quali meccanismi mentali possano portare esseri umani a comportamenti cos\u00ec aberranti.&nbsp;<strong>Esperti di psicologia intervistati nel documentario parlato hanno impulsi sadici che alcune persone riescono a controllare nella vita quotidiana ma che cercano opportunit\u00e0 per esprimere in contesti in cui possono farlo impunemente<\/strong>&nbsp;.<a rel=\"noreferrer noopener\" target=\"_blank\" href=\"https:\/\/www.valigiablu.it\/sarajevo-safari-turismo-cecchini-guerra-bosnia\/\"><\/a>\u200b<\/p>\n\n\n\n<p>La proiezione del documentario ha avuto un impatto significativo. Benjamina Karic, all&#8217;epoca sindaca di Sarajevo, present\u00f2 nel settembre 2022 una denuncia penale contro ignoti presso la Procura bosniaca, allegando un rapporto sui &#8220;ricchi stranieri impegnati in attivit\u00e0 disumane&#8221;. Tuttavia, le autorit\u00e0 bosniache hanno successivamente archiviato l&#8217;indagine, citando le difficolt\u00e0 di procedere in un paese ancora profondamente diviso e segnato dalla guerra.&nbsp;<strong>La stessa Karic, che ha ricoperto la carica di sindaca dal 2021 al 2024, ha poi inoltrato nell&#8217;agosto 2024 una denuncia alla Procura di Milano tramite l&#8217;ambasciata italiana a Sarajevo<\/strong>&nbsp;, dichiarandosi disponibile a testimoniare e fornendo tutta la documentazione in suo possesso.<a rel=\"noreferrer noopener\" target=\"_blank\" href=\"https:\/\/www.arabnews.com\/node\/2622378\/world\"><\/a>\u200b<\/p>\n\n\n\n<p>Karic ha spiegato che i giornalisti che lavoravano a Sarajevo durante la guerra, cos\u00ec come tutta la popolazione assediata, erano consapevoli della presenza di questi &#8220;turisti della morte&#8221;. Ha affermato che gli stranieri provenienti da tutta Europa pagavano ai checkpoint gestiti dalle milizie paramilitari serbe sia in Croazia che in Bosnia per poi trascorrere un fine settimana a sparare sui civili dalle colline che sovrastavano la citt\u00e0. La decisione di presentare denuncia in Italia nasce dalla constatazione che n\u00e9 la giustizia bosniaca n\u00e9 quella serba sembravano in grado o disposte ad affrontare seriamente la questione.<a rel=\"noreferrer noopener\" target=\"_blank\" href=\"https:\/\/en.mercopress.com\/2025\/11\/13\/italy-prosecutors-launch-probe-into-human-safari-allegations\"><\/a>\u200b<\/p>\n\n\n\n<p>L&#8217;esposto di Gavazzeni contiene dettagli specifici che potrebbero rivelarsi fondamentali per l&#8217;identificazione delle responsabilit\u00e0.&nbsp;<strong>Tra gli italiani segnalati nelle testimonianze raccolte ci sarebbe un imprenditore milanese proprietario di una clinica privata specializzata in chirurgia estetica, un uomo di Torino e uno di Trieste<\/strong>&nbsp;. Queste indicazioni, anche se ancora da verificare, forniscono agli investigatori piste concrete da seguire. Il pm Gobbis, insieme ai carabinieri del ROS, l&#8217;unit\u00e0 speciale dell&#8217;Arma che si occupa di antiterrorismo e criminalit\u00e0 organizzata, sta gi\u00e0 pianificando di convocare i testimoni indicati nel dossier per raccogliere ulteriori elementi probatori.<a rel=\"noreferrer noopener\" target=\"_blank\" href=\"https:\/\/www.unionesarda.it\/en\/italy\/they-paid-to-shoot-in-sarajevo-quot-children-cost-morequot-an-investigation-into-the-quot-weekend-snipersquot-is-underway-in-milan-banel924\"><\/a>\u200b<\/p>\n\n\n\n<p>L&#8217;inchiesta si inserisce in un contesto legale particolare. In Italia,&nbsp;<strong>il reato di omicidio aggravato da motivi abietti e crudelt\u00e0 \u00e8 punibile con l&#8217;ergastolo e non cade mai in prescrizione<\/strong>&nbsp;, il che significa che anche crimini commessi pi\u00f9 di trent&#8217;anni fa possono essere perseguiti. Inoltre, secondo il codice penale italiano, se la fase finale di un crimine \u00e8 stata commessa all&#8217;estero ma il responsabile \u00e8 cittadino italiano, la giurisdizione italiana rimane valida e il processo pu\u00f2 svolgersi in Italia. Questo impedisce che un cittadino possa commettere crimini orribili all&#8217;estero e poi trovare rifugio impunito nel proprio paese.<a rel=\"noreferrer noopener\" target=\"_blank\" href=\"https:\/\/english.elpais.com\/international\/2025-11-12\/the-investigation-into-human-safaris-in-sarajevo-we-hope-to-identify-some-of-those-responsible.html?outputType=amp\"><\/a>\u200b<\/p>\n\n\n\n<p>L&#8217;avvocato Nicola Brigida, che assiste Gavazzeni insieme a Salvini, ha un&#8217;esperienza significativa in casi internazionali complessi.&nbsp;<strong>Ha lavorato su procedimenti riguardanti cittadini italiani scomparsi in Cile e Argentina durante le dittature militari<\/strong>&nbsp;, partecipando ai processi contro l&#8217;ammiraglio Emilio Massera ei generali Su\u00e1rez Mason e Jos\u00e9 Antonio Rivera della giunta militare argentina, figura chiave durante la dittatura tra il 1976 e il 1983. Si \u00e8 occupato anche di casi relativi alle vittime dell&#8217;Operazione Condor, la campagna coordinata di repressione condotta dalle dittature sudamericane negli anni Settanta e Ottanta.<a rel=\"noreferrer noopener\" target=\"_blank\" href=\"https:\/\/en.mercopress.com\/2025\/11\/13\/italy-prosecutors-launch-probe-into-human-safari-allegations\"><\/a>\u200b<\/p>\n\n\n\n<p>Brigida ha dichiarato che la documentazione presentata alla Procura di Milano \u00e8 ricca di dimostrare che meritano di essere indagate ulteriormente e che \u00e8 fermamente convinto che possano portare all&#8217;identificazione di almeno alcune delle responsabilit\u00e0. Ha sottolineato che dopo aver lavorato su casi come i &#8220;voli della morte&#8221; in Argentina, questo caso presenta un profilo comune tra i perpetratori: persone malvagie, forse anche ideologicamente motivate, appassionate di armi, che frequentavano poligoni di tiro nella loro vita normale ma che cercavano esperienze estreme.<a rel=\"noreferrer noopener\" target=\"_blank\" href=\"https:\/\/www.arabnews.com\/node\/2622378\/world\"><\/a>\u200b<\/p>\n\n\n\n<p>Guido Salvini, l&#8217;altro legale coinvolto, \u00e8 un ex magistrato di grande prestigio che ha dedicato oltre quarant&#8217;anni della sua carriera ad indagini su alcuni dei casi pi\u00f9 oscuri della storia italiana.&nbsp;<strong>Ha riaperto le indagini sulla strage di Piazza Fontana del 1969, ha investigato il terrorismo neofascista e la rete segreta Gladio<\/strong>&nbsp;, ed \u00e8 stato consulente di diverse commissioni parlamentari d&#8217;inchiesta, tra cui quella sull&#8217;occultamento dei fascicoli relativi alle stragi nazifasciste e quella sul sequestro di Aldo Moro. La sua partecipazione al caso conferisce credibilit\u00e0 e peso all&#8217;iniziativa giudiziaria.<a rel=\"noreferrer noopener\" target=\"_blank\" href=\"https:\/\/en.wikipedia.org\/wiki\/Guido_Salvini_(judge)\"><\/a>\u200b<\/p>\n\n\n\n<p>La Procura di Milano sta ora richiedendo gli atti di vari procedimenti del Tribunale Penale Internazionale per l&#8217;ex Jugoslavia all&#8217;Aja, dove alcune testimonianze hanno fatto riferimento a questi &#8220;turisti della guerra&#8221;. L&#8217;obiettivo \u00e8 incrociare le informazioni raccolte nel corso degli anni in diversi contesti processuali per costruire un quadro probatorio solido. Gli investigatori sperano anche di ottenere accesso agli archivi classificazione dell&#8217;intelligence bosniaca e, eventualmente, a documenti del SISMI che potrebbero confermare le informazioni trasmesse dai servizi segreti bosniaci nel 1994.<a rel=\"noreferrer noopener\" target=\"_blank\" href=\"https:\/\/www.tgcom24.mediaset.it\/mondo\/cecchini-weekend-sarajevo-sismi_105855647-202502k.shtml\"><\/a>\u200b<\/p>\n\n\n\n<p>Non si trattava solo di italiani. Le testimonianze raccolte nel corso degli anni parlano di &#8220;turisti cecchini&#8221; provenienti da vari paesi, tra cui Stati Uniti, Canada, Russia, Regno Unito, Francia e Germania.&nbsp;<strong>Un caso ben documentato riguarda lo scrittore russo Eduard Limonov, ripreso in un filmato della BBC del 1992 mentre sparava con un kalashnikov verso Sarajevo in compagnia di Radovan Karadzic<\/strong>&nbsp;. Limonov, scrittore e politico ultranazionalista, ha sempre sostenuto di aver sparato solo a un poligono di tiro e che le riprese fossero state manipolate per farlo sembrare coinvolto in azioni contro civili, ma la sua presenza sulla linea del fronte serbo-bosniaco \u00e8 indiscutibile.<a rel=\"noreferrer noopener\" target=\"_blank\" href=\"https:\/\/it.gariwo.net\/libri-and-co\/film\/ex-jugoslavia\/sarajevo-safari-25501.html\"><\/a>\u200b<\/p>\n\n\n\n<p>Secondo le fonti dell&#8217;intelligence bosniaca citate da Gavazzeni,&nbsp;<strong>l&#8217;organizzazione di questi &#8220;safari&#8221; sarebbe stata coordinata dal servizio di sicurezza dello Stato serbo<\/strong>&nbsp;, con il coinvolgimento di Jovica Stanisic, alto funzionario poi condannato per crimini di guerra dal Tribunale Penale Internazionale. La &#8220;copertura&#8221; dell&#8217;attivit\u00e0 venatoria serviva per portare i gruppi a destinazione senza sospetti: alcuni partecipanti si fingevano membri di spedizioni di caccia sportiva diretta nei Balcani, altri si mescolavano a convogli umanitari partiti dal nord Italia, fingendosi volontari mentre in realt\u00e0 trasportavano denaro e armi.<a rel=\"noreferrer noopener\" target=\"_blank\" href=\"https:\/\/www.lacapitalenews.it\/primopiano\/cecchini-italiani-a-sarajevo-lex-007-bosniaco-accusa-il-sismi-sapevano-dei-turisti-della-morte\/\"><\/a>\u200b<\/p>\n\n\n\n<p>L&#8217;assedio di Sarajevo, iniziato il 5 aprile 1992 e terminato il 29 febbraio 1996, \u00e8 durato complessivamente 1.425 giorni, diventando uno degli assedi pi\u00f9 lunghi della storia moderna.&nbsp;<strong>Durante questo periodo furono uccisi 13.952 persone, di cui 5.434 civili, tra cui 1.601 bambini<\/strong>&nbsp;. Le forze serbo-bosniache bombardavano quotidianamente la citt\u00e0 con una media di 329 proiettili al giorno, per un totale stimato di oltre mezzo milione di bombe sganciate. Il principale viale della citt\u00e0 divenne tristemente noto come &#8220;Sniper Alley&#8221;, il viale dei cecchini, dove attraversare la strada significava rischiare la vita.<a rel=\"noreferrer noopener\" target=\"_blank\" href=\"https:\/\/en.wikipedia.org\/wiki\/Sniper_Alley\"><\/a>\u200b<\/p>\n\n\n\n<p>Un rapporto delle Nazioni Unite dell&#8217;epoca chiarisce inequivocabilmente la natura degli attacchi: &#8220;Tiratori esperti spesso uccidono i loro obiettivi con un singolo colpo alla testa o al cuore, ed \u00e8 chiaro che hanno esercitato l&#8217;intento specifico di colpire obiettivi civili evidenti senza altro scopo che causare morte o gravi lesioni corporali&#8221;. Il rapporto conferm\u00f2 che i cecchini operavano in squadre intorno alla citt\u00e0 e prendevano deliberatamente di mira civili, obiettivi non combattenti e soccorritori che tentavano di aiutare le vittime, oltre al personale delle Nazioni Unite.<a rel=\"noreferrer noopener\" target=\"_blank\" href=\"https:\/\/newlinesmag.com\/spotlight\/documentary-film-alleges-that-foreigners-took-part-in-civilian-hunting-in-bosnian-capital\/\"><\/a>\u200b<\/p>\n\n\n\n<p>Tra i massacri pi\u00f9 devastanti si ricorda quello del mercato Markale del 5 febbraio 1994, in cui 68 civili furono uccisi e 200 feriti da un singolo attacco con mortaio. Le strutture mediche erano sopraffatte dalla scala delle vittime civili, e solo un piccolo numero di feriti poteva beneficiare di programmi di evacuazione medica come l&#8217;Operazione Irma del 1993.&nbsp;<strong>I dati mostrano che il 1992 fu l&#8217;anno con il maggior numero di vittime, con una media di 300 persone uccise al mese<\/strong>&nbsp;, per poi diminuire negli anni successivi ma rimanendo comunque a livelli drammatici.<a rel=\"noreferrer noopener\" target=\"_blank\" href=\"https:\/\/en.wikipedia.org\/wiki\/Siege_of_Sarajevo\"><\/a>\u200b<\/p>\n\n\n\n<p>L&#8217;analisi demografica condotta per il tribunale dell&#8217;Aja ha rivelato che tra le vittime identificate nel periodo 1992-1994 c&#8217;erano 295 bambini, 670 donne e 85 anziani tra i morti, mentre tra i feriti si contavano 1.251 bambini, 2.477 donne e 179 anziani.&nbsp;<strong>Le cause principali di morte e ferimento erano bombardamenti, colpi di cecchino e altre armi da fuoco<\/strong>&nbsp;. In particolare, 699 persone furono uccise da cecchini, di cui 253 erano civili, mentre 3.111 furono ferite da cecchini, di cui 1.296 civili. Questi numeri testimoniano la portata della tragedia e il deliberato attacco alla popolazione civile.<a rel=\"noreferrer noopener\" target=\"_blank\" href=\"https:\/\/www.icty.org\/x\/file\/About\/OTP\/War_Demographics\/en\/galic_sarajevo_020510.pdf\"><\/a>\u200b<\/p>\n\n\n\n<p>In questo contesto di orrore sistematico, l&#8217;idea che alcuni individui pagassero per aggiungere ulteriore sofferenza, trattando l&#8217;uccisione di esseri umani come un&#8217;attivit\u00e0 ricreativa, rappresenta un livello di depravazione che sfida la comprensione.&nbsp;<strong>Gli esperti di psicologia interpellati per comprendere il fenomeno hanno parlato di persone capaci di controllare i propri impulsi sadici nella vita quotidiana, in attesa di opportunit\u00e0 per esprimerli in contesti in cui ritengono di poter agire impunemente<\/strong>&nbsp;.<a rel=\"noreferrer noopener\" target=\"_blank\" href=\"https:\/\/newlinesmag.com\/spotlight\/documentary-film-alleges-that-foreigners-took-part-in-civilian-hunting-in-bosnian-capital\/\"><\/a>\u200b<\/p>\n\n\n\n<p>Il caso dei &#8220;safari di Sarajevo&#8221; non \u00e8 completamente isolato nella storia dei conflitti. Durante la guerra civile libanese del 1975-1990, John Jordan aveva testimoniato di aver gi\u00e0 sentito parlare di &#8220;tourist shooters&#8221; che operavano lungo la &#8220;linea verde&#8221;, la terra di nessuno piena di cecchini che separava Beirut in due met\u00e0. Anche in contesti pi\u00f9 recenti, come il conflitto in Ucraina, sono emerse segnalazioni di mercenari e appassionati di armi che si recano nelle zone di guerra, anche se con motivazioni e modalit\u00e0 diverse.<a rel=\"noreferrer noopener\" target=\"_blank\" href=\"https:\/\/www.editorialedomani.it\/politica\/europa\/safari-sarajevo-cosa-sappiamo-indagine-procura-milano-tkmmd70n\"><\/a>\u200b<\/p>\n\n\n\n<p>L&#8217;inchiesta milanese rappresenta un tentativo significativo di fare giustizia per crimini che rischiavano di rimanere nell&#8217;ombra.&nbsp;<strong>Gavazzeni ha stimato che i &#8220;cecchini del weekend&#8221; italiani potrebbero essere stati almeno un centinaio<\/strong>&nbsp;, mentre altre fonti parlano di circa duecento italiani e di molti altri stranieri. Anche se identificare tutti le responsabilit\u00e0 dopo pi\u00f9 di trent&#8217;anni sar\u00e0 estremamente difficile, i magistrati sperano di riuscire ad individuare almeno alcuni di loro, specialmente quelli che all&#8217;epoca erano pi\u00f9 giovani e che quindi sono ancora in vita e potrebbero essere processati.<a rel=\"noreferrer noopener\" target=\"_blank\" href=\"https:\/\/www.internazionale.it\/ultime-notizie\/2025\/11\/13\/italia-inchiesta-cecchini-weekend-sarajevo\"><\/a>\u200b<\/p>\n\n\n\n<p>La collaborazione internazionale sar\u00e0 fondamentale per il successo dell&#8217;inchiesta.&nbsp;<strong>Il console bosniaco a Milano, Dag Dumrukcic, ha garantito la &#8220;piena cooperazione&#8221; del governo del suo paese<\/strong>&nbsp;, dichiarando che le autorit\u00e0 bosniache sono desiderose di scoprire la verit\u00e0 su una questione cos\u00ec crudele e di fare i conti con il passato. Dumrukcic ha affermato di essere a conoscenza di alcune informazioni che contribuiranno a fornire all&#8217;indagine. Anche le autorit\u00e0 serbe sono state interpellate, ma hanno respinto le accuse definendole una &#8220;leggenda urbana&#8221;, una posizione che riflette le persistenti divisioni e tensioni nella regione.<a rel=\"noreferrer noopener\" target=\"_blank\" href=\"https:\/\/www.telegraph.co.uk\/world-news\/2025\/11\/11\/italy-investigation-siege-of-sarajevo-bosnian-war\/\"><\/a>\u200b<\/p>\n\n\n\n<p>L&#8217;apertura dell&#8217;inchiesta ha suscitato reazioni diverse. Alcuni osservatori hanno espresso scetticismo sulla possibilit\u00e0 di identificare e processare le responsabilit\u00e0 dopo cos\u00ec tanto tempo, soprattutto considerando che molti dei potenziali testimoni potrebbero essere morti o irreperibili. Altri hanno criticato l&#8217;attenzione mediatica sul caso, sostenendo che serva a &#8220;satanizzare il popolo serbo&#8221;, come ha affermato Radan Ostojic, presidente dell&#8217;Organizzazione dei Veterani della Repubblica Srpska, che ha condannato il documentario di Zupanic e le successive indagini.<a rel=\"noreferrer noopener\" target=\"_blank\" href=\"https:\/\/newlinesmag.com\/spotlight\/documentary-film-alleges-that-foreigners-took-part-in-civilian-hunting-in-bosnian-capital\/\"><\/a>\u200b<\/p>\n\n\n\n<p>Ljubisa Cosic, sindaco di Sarajevo Est nell&#8217;entit\u00e0 della Repubblica Srpska della Bosnia-Erzegovina, ha persino presentato una denuncia contro il regista Zupanic per diffusione di odio razziale, religioso e nazionale. Ostojic ha sostenuto che &#8220;la vera verit\u00e0&#8221; \u00e8 che durante la guerra &#8220;cacciatori provenienti da paesi islamici venivano a Sarajevo per cacciare serbi per la jihad, e in safari i soldati NATO&#8221;. Queste affermazioni, prive di prove documentali, riflettono i tentativi di alcune fazioni di ribaltare la narrativa e di negare responsabilit\u00e0 ampiamente documentate.<a rel=\"noreferrer noopener\" target=\"_blank\" href=\"https:\/\/newlinesmag.com\/spotlight\/documentary-film-alleges-that-foreigners-took-part-in-civilian-hunting-in-bosnian-capital\/\"><\/a>\u200b<\/p>\n\n\n\n<p>Tuttavia, la stragrande maggioranza della comunit\u00e0 internazionale e degli esperti di diritti umani sostiene l&#8217;importanza di fare luce su questi episodi.&nbsp;<strong>Le vittime dell&#8217;assedio di Sarajevo ei sopravvissuti meritano giustizia, e ogni responsabile di crimini contro civili indifesi deve essere identificato e processato<\/strong>&nbsp;, indipendentemente dalla nazionalit\u00e0 o dal tempo trascorso. L&#8217;impunit\u00e0 per crimini di questa gravit\u00e0 non solo nega giustizia alle vittime, ma crea anche un pericoloso precedente che pu\u00f2 incoraggiare comportamenti simili in conflitti futuri.<\/p>\n\n\n\n<p>L&#8217;inchiesta della Procura di Milano rappresenta quindi non solo un tentativo di fare giustizia per specifici crimini commessi durante la guerra in Bosnia, ma anche un messaggio pi\u00f9 ampio: che nessuno pu\u00f2 credere di poter partecipare a massacri di civili e poi tornare tranquillamente alla propria vita quotidiana senza conseguenze. Il fatto che l&#8217;Italia abbia deciso di procedere con questa indagine, nonostante le difficolt\u00e0 e il tempo trascorso, \u00e8 un segnale importante di impegno verso i principi fondamentali del diritto internazionale e della giustizia universale.<a rel=\"noreferrer noopener\" target=\"_blank\" href=\"https:\/\/english.elpais.com\/international\/2025-11-12\/the-investigation-into-human-safaris-in-sarajevo-we-hope-to-identify-some-of-those-responsible.html\"><\/a>\u200b<\/p>\n\n\n\n<p>Nei prossimi mesi, il pm Gobbis ei carabinieri del ROS inizieranno a convocare i testimoni indicati nel dossier di Gavazzeni. Sar\u00e0 fondamentale raccogliere nuove testimonianze, verificare le informazioni gi\u00e0 in possesso e tentare di accedere agli archivi classificati in Bosnia e, eventualmente, in Italia. Se emergeranno elementi sufficienti per identificare anche solo alcuni degli italiani che hanno partecipato a questi &#8220;safari umani&#8221;, i loro nomi verranno iscritti nel registro degli indagati e potrebbero iniziare un processo che finalmente porterebbe alla luce una delle pagine pi\u00f9 oscure della partecipazione straniera alla guerra in Bosnia.<a rel=\"noreferrer noopener\" target=\"_blank\" href=\"https:\/\/tg24.sky.it\/cronaca\/2025\/11\/11\/cecchini-weekend-sarajevo-italiani\"><\/a>\u200b<\/p>\n\n\n\n<p>La storia dei &#8220;cecchini del weekend&#8221; di Sarajevo \u00e8 una testimonianza agghiacciante di come gli istinti pi\u00f9 bassi dell&#8217;essere umano possono emergere quando le circostanze lo permettono e quando si crede di poter agire impunemente.&nbsp;<strong>\u00c8 una storia di ricchi annoiati che trasformarono la sofferenza di un popolo assediato in un gioco macabro<\/strong>&nbsp;, pagando somme enormi per il privilegio di togliere vite umane come se fossero in una riserva di caccia. E mentre le ferite di quella guerra non si sono ancora rimarginate nei Balcani, l&#8217;inchiesta italiana offre una speranza, forse l&#8217;ultima, che almeno alcuni di quei &#8220;cacciatori&#8221; possono essere chiamati a rispondere dei loro crimini davanti alla giustizia.<\/p>\n\n\n\n<hr class=\"wp-block-separator has-alpha-channel-opacity\"\/>\n\n\n\n<p><strong>Titolo:<\/strong>&nbsp;Safari Umani a Sarajevo: la Procura di Milano Indaga sui &#8220;Cecchini del Weekend&#8221; Italiani<\/p>\n\n\n\n<p><strong>Descrizione SEO:<\/strong>&nbsp;La Procura di Milano apre un&#8217;inchiesta sui ricchi italiani che negli anni &#8217;90 pagavano fino a 100.000 euro per sparare sui civili durante l&#8217;assedio di Sarajevo. Testimonianze esclusive, documenti segreti e il ruolo dell&#8217;intelligence italiana in uno dei capitoli pi\u00f9 oscuri della guerra in Bosnia.<\/p>\n","protected":false},"excerpt":{"rendered":"<p>Durante l&#8217;assedio di Sarajevo, uno dei pi\u00f9 lunghi e tragici della storia moderna, si consumava un orrore che solo oggi viene alla luce con maggiore evidenza. Mentre la capitale bosniaca veniva bombardata quotidianamente ei suoi abitanti correvano tra le vie sotto il fuoco dei cecchini, alcuni facoltosi cittadini stranieri pagavano cifre esorbitanti per partecipare a [&hellip;]<\/p>\n","protected":false},"author":3,"featured_media":60792,"comment_status":"closed","ping_status":"closed","sticky":false,"template":"","format":"standard","meta":{"pmpro_default_level":"","footnotes":""},"categories":[2150],"tags":[],"class_list":{"0":"post-60791","1":"post","2":"type-post","3":"status-publish","4":"format-standard","5":"has-post-thumbnail","7":"category-politica","8":"pmpro-has-access"},"aioseo_notices":[],"jetpack_featured_media_url":"https:\/\/alground.com\/site\/wp-content\/uploads\/2025\/11\/sarajevocecchini.jpg","wps_subtitle":"","_links":{"self":[{"href":"https:\/\/alground.com\/site\/wp-json\/wp\/v2\/posts\/60791","targetHints":{"allow":["GET"]}}],"collection":[{"href":"https:\/\/alground.com\/site\/wp-json\/wp\/v2\/posts"}],"about":[{"href":"https:\/\/alground.com\/site\/wp-json\/wp\/v2\/types\/post"}],"author":[{"embeddable":true,"href":"https:\/\/alground.com\/site\/wp-json\/wp\/v2\/users\/3"}],"replies":[{"embeddable":true,"href":"https:\/\/alground.com\/site\/wp-json\/wp\/v2\/comments?post=60791"}],"version-history":[{"count":0,"href":"https:\/\/alground.com\/site\/wp-json\/wp\/v2\/posts\/60791\/revisions"}],"wp:featuredmedia":[{"embeddable":true,"href":"https:\/\/alground.com\/site\/wp-json\/wp\/v2\/media\/60792"}],"wp:attachment":[{"href":"https:\/\/alground.com\/site\/wp-json\/wp\/v2\/media?parent=60791"}],"wp:term":[{"taxonomy":"category","embeddable":true,"href":"https:\/\/alground.com\/site\/wp-json\/wp\/v2\/categories?post=60791"},{"taxonomy":"post_tag","embeddable":true,"href":"https:\/\/alground.com\/site\/wp-json\/wp\/v2\/tags?post=60791"}],"curies":[{"name":"wp","href":"https:\/\/api.w.org\/{rel}","templated":true}]}}