{"id":60831,"date":"2025-11-17T15:45:37","date_gmt":"2025-11-17T14:45:37","guid":{"rendered":"https:\/\/www.alground.com\/site\/?p=60831"},"modified":"2025-11-17T15:51:27","modified_gmt":"2025-11-17T14:51:27","slug":"musulmani-per-roma-2027-nasce-il-primo-gruppo-politico-islamico-nella-capitale","status":"publish","type":"post","link":"https:\/\/alground.com\/site\/musulmani-per-roma-2027-nasce-il-primo-gruppo-politico-islamico-nella-capitale\/60831\/","title":{"rendered":"Musulmani per Roma 2027: nasce il primo gruppo politico islamico nella Capitale"},"content":{"rendered":"<div id=\"ez-toc-container\" class=\"ez-toc-v2_0_82_2 counter-hierarchy ez-toc-counter ez-toc-grey ez-toc-container-direction\">\n<p class=\"ez-toc-title\" style=\"cursor:inherit\">Punti chiave<\/p>\n<label for=\"ez-toc-cssicon-toggle-item-69f721aba70a4\" class=\"ez-toc-cssicon-toggle-label\"><span class=\"\"><span class=\"eztoc-hide\" style=\"display:none;\">Toggle<\/span><span class=\"ez-toc-icon-toggle-span\"><svg style=\"fill: #999;color:#999\" xmlns=\"http:\/\/www.w3.org\/2000\/svg\" class=\"list-377408\" width=\"20px\" height=\"20px\" viewBox=\"0 0 24 24\" fill=\"none\"><path d=\"M6 6H4v2h2V6zm14 0H8v2h12V6zM4 11h2v2H4v-2zm16 0H8v2h12v-2zM4 16h2v2H4v-2zm16 0H8v2h12v-2z\" fill=\"currentColor\"><\/path><\/svg><svg style=\"fill: #999;color:#999\" class=\"arrow-unsorted-368013\" xmlns=\"http:\/\/www.w3.org\/2000\/svg\" width=\"10px\" height=\"10px\" viewBox=\"0 0 24 24\" version=\"1.2\" baseProfile=\"tiny\"><path d=\"M18.2 9.3l-6.2-6.3-6.2 6.3c-.2.2-.3.4-.3.7s.1.5.3.7c.2.2.4.3.7.3h11c.3 0 .5-.1.7-.3.2-.2.3-.5.3-.7s-.1-.5-.3-.7zM5.8 14.7l6.2 6.3 6.2-6.3c.2-.2.3-.5.3-.7s-.1-.5-.3-.7c-.2-.2-.4-.3-.7-.3h-11c-.3 0-.5.1-.7.3-.2.2-.3.5-.3.7s.1.5.3.7z\"\/><\/svg><\/span><\/span><\/label><input type=\"checkbox\"  id=\"ez-toc-cssicon-toggle-item-69f721aba70a4\"  aria-label=\"Toggle\" \/><nav><ul class='ez-toc-list ez-toc-list-level-1 ' ><li class='ez-toc-page-1 ez-toc-heading-level-2'><a class=\"ez-toc-link ez-toc-heading-1\" href=\"https:\/\/alground.com\/site\/musulmani-per-roma-2027-nasce-il-primo-gruppo-politico-islamico-nella-capitale\/60831\/#Lispirazione_di_New_York_e_il_sogno_di_Mamdani\" >L&#8217;ispirazione di New York e il sogno di Mamdani<\/a><\/li><li class='ez-toc-page-1 ez-toc-heading-level-2'><a class=\"ez-toc-link ez-toc-heading-2\" href=\"https:\/\/alground.com\/site\/musulmani-per-roma-2027-nasce-il-primo-gruppo-politico-islamico-nella-capitale\/60831\/#Francesco_Tieri_il_volto_dietro_MuRo27\" >Francesco Tieri, il volto dietro MuRo27<\/a><\/li><li class='ez-toc-page-1 ez-toc-heading-level-2'><a class=\"ez-toc-link ez-toc-heading-3\" href=\"https:\/\/alground.com\/site\/musulmani-per-roma-2027-nasce-il-primo-gruppo-politico-islamico-nella-capitale\/60831\/#La_comunita_musulmana_a_Roma_numeri_e_presenza\" >La comunit\u00e0 musulmana a Roma: numeri e presenza<\/a><\/li><li class='ez-toc-page-1 ez-toc-heading-level-2'><a class=\"ez-toc-link ez-toc-heading-4\" href=\"https:\/\/alground.com\/site\/musulmani-per-roma-2027-nasce-il-primo-gruppo-politico-islamico-nella-capitale\/60831\/#Il_precedente_di_Monfalcone_e_la_lista_%E2%80%9CItalia_Plurale%E2%80%9D\" >Il precedente di Monfalcone e la lista &#8220;Italia Plurale&#8221;<\/a><\/li><li class='ez-toc-page-1 ez-toc-heading-level-2'><a class=\"ez-toc-link ez-toc-heading-5\" href=\"https:\/\/alground.com\/site\/musulmani-per-roma-2027-nasce-il-primo-gruppo-politico-islamico-nella-capitale\/60831\/#Le_reazioni_politiche_tra_allarme_e_vigilanza\" >Le reazioni politiche: tra allarme e vigilanza<\/a><\/li><li class='ez-toc-page-1 ez-toc-heading-level-2'><a class=\"ez-toc-link ez-toc-heading-6\" href=\"https:\/\/alground.com\/site\/musulmani-per-roma-2027-nasce-il-primo-gruppo-politico-islamico-nella-capitale\/60831\/#I_legami_con_le_moschee_e_il_V_municipio\" >I legami con le moschee e il V municipio<\/a><\/li><li class='ez-toc-page-1 ez-toc-heading-level-2'><a class=\"ez-toc-link ez-toc-heading-7\" href=\"https:\/\/alground.com\/site\/musulmani-per-roma-2027-nasce-il-primo-gruppo-politico-islamico-nella-capitale\/60831\/#Lobiettivo_dichiarato_e_lo_sguardo_al_2027\" >L&#8217;obiettivo dichiarato e lo sguardo al 2027<\/a><\/li><li class='ez-toc-page-1 ez-toc-heading-level-2'><a class=\"ez-toc-link ez-toc-heading-8\" href=\"https:\/\/alground.com\/site\/musulmani-per-roma-2027-nasce-il-primo-gruppo-politico-islamico-nella-capitale\/60831\/#Il_contesto_nazionale_e_le_sfide_dellintegrazione\" >Il contesto nazionale e le sfide dell&#8217;integrazione<\/a><\/li><li class='ez-toc-page-1 ez-toc-heading-level-2'><a class=\"ez-toc-link ez-toc-heading-9\" href=\"https:\/\/alground.com\/site\/musulmani-per-roma-2027-nasce-il-primo-gruppo-politico-islamico-nella-capitale\/60831\/#Prospettive_future_e_scenari_possibili\" >Prospettive future e scenari possibili<\/a><\/li><\/ul><\/nav><\/div>\n\n<p>Nella citt\u00e0 eterna, cuore della cristianit\u00e0 e capitale d&#8217;Italia, sta prendendo forma un fenomeno politico senza precedenti che promette di ridisegnare gli equilibri delle prossime elezioni amministrative. <strong>MuRo27, acronimo di &#8220;Musulmani per Roma 2027&#8221;, rappresenta il primo tentativo organizzato della comunit\u00e0 islamica romana di trasformarsi in soggetto politico attivo<\/strong> in vista delle elezioni che si terranno nella Capitale tra meno di due anni. <\/p>\n\n\n\n<p>L&#8217;iniziativa, annunciata attraverso i canali sociali nelle scorse settimane, ha immediatamente acceso un dibattito infuocato che vede contrapposti chi parla di legittima partecipazione democratica e chi invece intravede i rischi di derivare integraliste.\u200b<\/p>\n\n\n\n<h2 class=\"wp-block-heading\"><span class=\"ez-toc-section\" id=\"Lispirazione_di_New_York_e_il_sogno_di_Mamdani\"><\/span>L&#8217;ispirazione di New York e il sogno di Mamdani<span class=\"ez-toc-section-end\"><\/span><\/h2>\n\n\n\n<p>L&#8217;elemento scatenante che ha dato il via al progetto MuRo27 \u00e8 stata la storica vittoria di Zohran Mamdani alle elezioni per la carica di sindaco di New York dello scorso novembre. <strong>Il giovane politico trentaquattrenne di origini ugandesi e indiane, musulmano e autodefinitosi socialista, \u00e8 diventato il primo sindaco di fede islamica della metropoli americana<\/strong> , un risultato che ha risuonato ben oltre i confini statunitensi. <\/p>\n\n\n\n<p>Per i promotori del gruppo romano, l&#8217;elezione di Mamdani ha rappresentato molto pi\u00f9 di una semplice curiosit\u00e0 politica dall&#8217;altra parte dell&#8217;Atlantico. Come dichiarato sulla pagina Facebook di MuRo27, la sua vittoria &#8220;ha avuto il merito di sottolineare, caso mai ce ne fosse ancora bisogno, l&#8217;arretratezza della nostra classe politica rispetto alla societ\u00e0 in cui viviamo che \u00e8 di fatto multiculturale&#8221;.<\/p>\n\n\n\n<figure class=\"wp-block-image size-large\"><img loading=\"lazy\" decoding=\"async\" width=\"1024\" height=\"512\" src=\"https:\/\/www.alground.com\/origin\/wp-content\/uploads\/2025\/11\/mamdani-ny-1024x512.jpg\" alt=\"Mamdani\" class=\"wp-image-60833\" srcset=\"https:\/\/alground.com\/site\/wp-content\/uploads\/2025\/11\/mamdani-ny-1024x512.jpg 1024w, https:\/\/alground.com\/site\/wp-content\/uploads\/2025\/11\/mamdani-ny-300x150.jpg 300w, https:\/\/alground.com\/site\/wp-content\/uploads\/2025\/11\/mamdani-ny-768x384.jpg 768w, https:\/\/alground.com\/site\/wp-content\/uploads\/2025\/11\/mamdani-ny-840x420.jpg 840w, https:\/\/alground.com\/site\/wp-content\/uploads\/2025\/11\/mamdani-ny-150x75.jpg 150w, https:\/\/alground.com\/site\/wp-content\/uploads\/2025\/11\/mamdani-ny-696x348.jpg 696w, https:\/\/alground.com\/site\/wp-content\/uploads\/2025\/11\/mamdani-ny-1068x534.jpg 1068w, https:\/\/alground.com\/site\/wp-content\/uploads\/2025\/11\/mamdani-ny.jpg 1100w\" sizes=\"auto, (max-width: 1024px) 100vw, 1024px\" \/><\/figure>\n\n\n\n<p>Mamdani, che ha conquistato oltre un milione di voti nella citt\u00e0 pi\u00f9 popolosa degli Stati Uniti, ha saputo intercettare il malcontento di diverse comunit\u00e0, in particolare quella musulmana e sud-asiatica, storicamente emarginate dopo gli attentati dell&#8217;11 settembre. <\/p>\n\n\n\n<p>La sua campagna elettorale si \u00e8 concentrata su temi concreti come il contenimento degli affitti, il congelamento delle tariffe dei trasporti pubblici e una maggiore giustizia sociale, dimostrando che l&#8217;identit\u00e0 religiosa pu\u00f2 convivere con un programma politico laico e inclusivo. <strong>Questo modello di partecipazione politica musulmana in Occidente ha fornito ai promotori di MuRo27 un esempio concreto da seguire<\/strong> , seppur in un contesto profondamente diverso come quello italiano.\u200b\u200b<\/p>\n\n\n\n<h2 class=\"wp-block-heading\"><span class=\"ez-toc-section\" id=\"Francesco_Tieri_il_volto_dietro_MuRo27\"><\/span>Francesco Tieri, il volto dietro MuRo27<span class=\"ez-toc-section-end\"><\/span><\/h2>\n\n\n\n<p><strong>Il principale artefice dell&#8217;iniziativa romana \u00e8 Francesco Tieri, ingegnere italiano convertito all&#8217;islam, gi\u00e0 segretario delle Comunit\u00e0 islamiche del Lazio e figura controversa nel panorama politico capitolino<\/strong> . Tieri non \u00e8 un nome nuovo per chi segue le dinamiche politiche romane. Nel 2021 si era gi\u00e0 candidato alle primarie del centrosinistra per la presidenza del V municipio, sostenuto dall&#8217;allora lista &#8220;Democrazia Solidale&#8221; in quota Partito Democratico, a sostegno dell&#8217;attuale sindaco Roberto Gualtieri. Durante quella campagna elettorale aveva costruito la sua base di consenso principalmente attorno alle moschee del territorio, come lui stesso ammise: &#8220;Non ho un partito alle spalle e una struttura. Sono musulmano. Ho chiesto aiuto nei centri di preghiera per la raccolta delle firme&#8221;.\u200b<\/p>\n\n\n\n<p>Il V municipio, dove si concentra la maggior parte dei luoghi di culto islamici della Capitale, era stato al centro del suo programma elettorale. Tieri aveva dichiarato che in quella zona vivevano circa 50mila persone di origine straniera, il 20% della popolazione totale, di cui circa la met\u00e0 musulmani, e aveva proposto la costruzione di &#8220;due moschee pi\u00f9 grandi per feste e ricorrenze che rendono riconoscibile questa pratica collettiva&#8221;. Oggi Tieri collabora con il sito islamico &#8220;La Luce&#8221;, gestito dai fratelli Piccardo, uno dei quali \u00e8 consigliere dell&#8217;Ucoii (Unione delle Comunit\u00e0 Islamiche d&#8217;Italia), e ha pubblicato nel 2024 un libro dal titolo eloquente: &#8220;Guerra alle moschee in assenza di terrorismo. I casi: Monfalcone, Pioltello e Legge Foti&#8221;.\u200b<\/p>\n\n\n\n<h2 class=\"wp-block-heading\"><span class=\"ez-toc-section\" id=\"La_comunita_musulmana_a_Roma_numeri_e_presenza\"><\/span>La comunit\u00e0 musulmana a Roma: numeri e presenza<span class=\"ez-toc-section-end\"><\/span><\/h2>\n\n\n\n<p>Per comprendere la portata di questa iniziativa politica, \u00e8 necessario contestualizzarla all&#8217;interno della realt\u00e0 demografica della Capitale. <strong>Roma \u00e8 la prima citt\u00e0 italiana per numero assoluto di presenze musulmane, avendo superato la soglia delle 100mila unit\u00e0, con tempi che arrivano a 120mila persone considerando anche le irregolarit\u00e0<\/strong> . Applicando le metodologie di stima pi\u00f9 accreditate, che utilizzano le percentuali di musulmani nei paesi d&#8217;origine, il numero di residenti stranieri musulmani a Roma si attestava intorno alle 71mila unit\u00e0 al 2015, corrispondente al 2,5% della popolazione residente, sostanzialmente in linea con il dato nazionale.<a rel=\"noreferrer noopener\" target=\"_blank\" href=\"https:\/\/www.neodemos.info\/2017\/02\/03\/roma-citta-italiana-presenza-musulmana\/\">neodemos+ 2<\/a>\u200b<\/p>\n\n\n\n<p>A questi vanno aggiunti circa 40mila musulmani di cittadinanza italiana, inclusi i convertiti stimati tra le 3 e le 4mila unit\u00e0, per arrivare a una presenza regolare di circa 111mila abitanti, pari al 3,8% della popolazione residente nel Comune di Roma. <strong>L&#8217;Islam \u00e8 diventato cos\u00ec la seconda religione per numero di fedeli della Capitale dopo quella cattolica, superando quella ortodossa<\/strong> . Le prime cinque comunit\u00e0 per numerosit\u00e0 (Marocco, Bangladesh, Egitto, Pakistan e Albania) rappresentano il 66% di tutti i residenti stranieri musulmani presenti nel Comune di Roma. Tra i musulmani presenti nella Capitale, quelli con cittadinanza italiana rappresentano il 33% sul totale, un segnale evidente di un mutamento sociale in atto anche all&#8217;interno delle comunit\u00e0 islamiche.\u200b<\/p>\n\n\n\n<h2 class=\"wp-block-heading\"><span class=\"ez-toc-section\" id=\"Il_precedente_di_Monfalcone_e_la_lista_%E2%80%9CItalia_Plurale%E2%80%9D\"><\/span>Il precedente di Monfalcone e la lista &#8220;Italia Plurale&#8221;<span class=\"ez-toc-section-end\"><\/span><\/h2>\n\n\n\n<p>L&#8217;iniziativa romana non nasce nel vuoto, ma si inserisce in un percorso gi\u00e0 tracciato in altre citt\u00e0 italiane. <strong>Il precedente pi\u00f9 significativo \u00e8 quello di Monfalcone, cittadina friulana con la pi\u00f9 alta percentuale di immigrati in Italia, dove alle elezioni amministrative dell&#8217;aprile 2025 si \u00e8 presentato per la prima volta &#8220;Italia Plurale&#8221;, lista a guida islamica che candidava a sindaco Bou Konate<\/strong> . Konate, ingegnere senegalese laureato a Trieste e gi\u00e0 assessore ai Lavori pubblici in una giunta di centrosinistra, aveva raccolto 18 candidati, tra cui sei donne, con l&#8217;ambizione di intercettare i 7.982 elettori stranieri, pari al 34% del corpo elettorale locale.\u200b<\/p>\n\n\n\n<p>Nonostante l&#8217;esito elettorale sia stato modesto, con solo il 3% dei voti, il capolista Jahirul Islam aveva dichiarato: &#8220;Noi corriamo per vincere, ma in ogni caso andr\u00e0 bene. Siamo riusciti a raccogliere le firme, a fare una lista con 18 nomi. Prima, non ci pensavamo proprio. \u00c8 stata la politica di odio contro di noi, a unirci. Sono sicuro che Monfalcone sar\u00e0 un esempio anche per gli immigrati d&#8217;altre citt\u00e0. E Italia Plurale diventer\u00e0 un simbolo&#8221;. Il riferimento era alla &#8220;politica di odio&#8221; incarnata dalla sindaca leghista Anna Maria Cisint, che aveva chiuso due luoghi di culto islamico per presunte violazioni urbanistiche e di sicurezza, innescando una battaglia giudiziaria che ha visto pi\u00f9 volte il TAR dare ragione alla comunit\u00e0 musulmana.\u200b<\/p>\n\n\n\n<h2 class=\"wp-block-heading\"><span class=\"ez-toc-section\" id=\"Le_reazioni_politiche_tra_allarme_e_vigilanza\"><\/span>Le reazioni politiche: tra allarme e vigilanza<span class=\"ez-toc-section-end\"><\/span><\/h2>\n\n\n\n<p>La nascita di MuRo27 ha provocato reazioni immediate da parte del centrodestra italiano. <strong>Anna Maria Cisint, europarlamentare della Lega ed ex sindaco di Monfalcone, ha definito il fenomeno come &#8220;un nuovo partito islamico, portatore di un messaggio ideologico-politico islamista che ambisce all&#8217;applicazione del Corano, alla sostituzione della Costituzione con la Sharia, all&#8217;annientamento delle nostre libert\u00e0 e dei nostri diritti, a partire da quelli delle donne&#8221;<\/strong> . Secondo Cisint, dopo il tentativo a Monfalcone &#8220;ora si riparte dalla Capitale con un nuovo partito islamico&#8221; e la presenza di &#8220;un partito composto interamente da soli musulmani rappresenta una pericolosa deriva per la visione liberticida e anti-occidentale che porta avanti&#8221;.\u200b<\/p>\n\n\n\n<p>Anche altri esponenti del centrodestra hanno espresso preoccupazione. Il presidente dei senatori di Forza Italia Maurizio Gasparri ha invitato a tenere &#8220;gli occhi aperti, bisogna sempre verificare connessioni e collegamenti, perch\u00e9 a Roma abbiamo troppi gruppi di fondamentalisti e moschee abusive&#8221;. <\/p>\n\n\n\n<p>Il deputato di Fratelli d&#8217;Italia Federico Mollicone ha definito &#8220;inquietante la nascita di una lista civica ispirata alla legge islamica&#8221; e ha chiesto &#8220;un&#8217;attenzione massima da parte degli apparati di prevenzione&#8221;, sostenendo che &#8220;le sure e la legge italiana non sono compatibili&#8221;. Il deputato della Lega Rossano Sasso ha rincarato la dose affermando che &#8220;il loro intento e le loro parole non lasciano spazio alla minima forma di dubbio, vogliono islamizzare l&#8217;Italia&#8221;.\u200b<\/p>\n\n\n\n<h2 class=\"wp-block-heading\"><span class=\"ez-toc-section\" id=\"I_legami_con_le_moschee_e_il_V_municipio\"><\/span>I legami con le moschee e il V municipio<span class=\"ez-toc-section-end\"><\/span><\/h2>\n\n\n\n<p>Secondo quanto ricostruito da diverse testate giornalistiche, dietro il progetto MuRo27 ci sarebbe l&#8217;appoggio del centro culturale che fa capo a Ben Mohamed Mohamed, imam della moschea Al Huda di via dei Frassini, nel quartiere di Centocelle. <strong>Questo imam tunisino ha un passato politico legato al partito Ennahda in Tunisia, affiliato ai Fratelli Musulmani, come lui stesso ha dichiarato in diverse interviste<\/strong> . La moschea di Centocelle \u00e8 stata al centro di diverse polemiche negli anni scorsi e Tieri aveva organizzato proprio in quella sede una delle tappe della raccolta firme per la sua candidatura alle primarie del 2021.\u200b<\/p>\n\n\n\n<p>Il V municipio romano rappresenta un punto nevralgico per la comunit\u00e0 islamica capitolina, essendo l&#8217;area dove sorgono la maggior parte dei luoghi di culto, molti dei quali abusivi o privi delle necessarie autorizzazioni. Proprio in questo municipio sta per nascere quella che diventer\u00e0 la seconda pi\u00f9 grande moschea di Roma, nell&#8217;ex mobilificio Gaggioli di piazza delle Camelie, un progetto che prevede la trasformazione di un edificio di quattro piani in grado di ospitare fino a 1000 persone.<\/p>\n\n\n\n<p>L&#8217;immobile \u00e8 stato acquistato nel 2014 dall&#8217;associazione culturale legata alla moschea Al Huda per 3,6 milioni di euro con fondi provenienti dal Qatar, ma i lavori si sono poi fermati per mancanza di finanziamenti e sono ripresi solo recentemente grazie alle donazioni dei fedeli.\u200b<\/p>\n\n\n\n<h2 class=\"wp-block-heading\"><span class=\"ez-toc-section\" id=\"Lobiettivo_dichiarato_e_lo_sguardo_al_2027\"><\/span>L&#8217;obiettivo dichiarato e lo sguardo al 2027<span class=\"ez-toc-section-end\"><\/span><\/h2>\n\n\n\n<p>Nella loro presentazione ufficiale, i promotori di MuRo27 hanno definito il gruppo come composto da &#8220;musulmani che vivono, studiano e lavorano nella capitale e che vogliono contribuire alla discussione politica in vista delle elezioni amministrative del 2027&#8221;. <strong>Il documento programmatico sottolinea che &#8220;la rilevanza politica della presenza islamica in Italia, rispetto al contributo che questa potrebbe dare alla societ\u00e0, pu\u00f2 ad oggi essere valutata come quasi insignificante&#8221;<\/strong> e dichiara che &#8220;il gruppo MuRo27 intende promuovere e stimolare idee e proposte politiche di utilit\u00e0 collettiva con l&#8217;appartenenza religiosa dei propri membri&#8221;.\u200b<\/p>\n\n\n\n<p>Quest&#8217;ultima frase, in particolare, ha suscitato le maggiori perplessit\u00e0. L&#8217;esplicito riferimento a &#8220;proposte politiche coerenti con l&#8217;appartenenza religiosa&#8221; viene interpretato da molti osservatori come l&#8217;affermazione di un islam politico, ovvero l&#8217;applicazione di precetti islamici alla vita politica e al tessuto sociale. La pagina Facebook di MuRo27 non lascia spazio a dubbi sulle simpatie politiche: campeggia una fotografia del Colosseo sormontato da una mezzaluna e un post a sostegno del ticket Ignazio Marino e Virginia Raggi come candidati alle prossime amministrative della Capitale. Entrambi gli ex sindaci hanno recentemente espresso la loro contrariet\u00e0 al bis di Roberto Gualtieri, pur provenendo da aree politiche diverse.\u200b<\/p>\n\n\n\n<h2 class=\"wp-block-heading\"><span class=\"ez-toc-section\" id=\"Il_contesto_nazionale_e_le_sfide_dellintegrazione\"><\/span>Il contesto nazionale e le sfide dell&#8217;integrazione<span class=\"ez-toc-section-end\"><\/span><\/h2>\n\n\n\n<p>Il fenomeno MuRo27 si inserisce in un quadro pi\u00f9 ampio che vede l&#8217;Italia alle prese con le sfide dell&#8217;integrazione della comunit\u00e0 musulmana, stimata in circa 2,8 milioni di persone, di cui circa la met\u00e0 ha gi\u00e0 acquisito la cittadinanza italiana. <strong>L&#8217;Islam non \u00e8 ufficialmente riconosciuto dallo Stato italiano, a differenza del cristianesimo e dell&#8217;ebraismo, il che significa che le moschee non possono ricevere finanziamenti pubblici, i matrimoni islamici non hanno valore legale ei lavoratori musulmani non hanno diritto a permessi per le festivit\u00e0 religiose<\/strong>.\u200b<\/p>\n\n\n\n<p>Nel 2017, nove associazioni islamiche che rappresentano il 70% dei musulmani residenti in Italia hanno firmato con il Ministero dell&#8217;Interno un &#8220;Patto nazionale per un Islam italiano&#8221;, il primo del genere nel paese. L&#8217;accordo, composto da 20 punti, impegna i firmatari a rigettare ogni forma di violenza e terrorismo e prevede che le preghiere nelle moschee siano tenute in italiano. <\/p>\n\n\n\n<p>Tuttavia, la strada verso il pieno riconoscimento religioso e l&#8217;integrazione rimane complessa, soprattutto in un clima politico dove l&#8217;immigrazione e l&#8217;islam sono spesso oggetto di strumentalizzazione elettorale.\u200b<\/p>\n\n\n\n<p>La situazione italiana si differenzia da altri paesi europei dove la partecipazione politica musulmana ha gi\u00e0 prodotto risultati significativi. A Londra, dal 2016, governa Sadiq Khan, primo sindaco musulmano di una capitale europea, mentre in Francia e Germania esistono da tempo rappresentanti musulmani eletti nei parlamenti nazionali e locali. <\/p>\n\n\n\n<p><strong>Il tentativo di MuRo27 di organizzarsi politicamente rappresenta quindi un fenomeno nuovo per l&#8217;Italia, ma non per l&#8217;Europa<\/strong> , e solleva interrogativi sulla capacit\u00e0 del sistema politico italiano di integrare queste nuove istanze senza cedere a derivare identitarie o, al contrario, senza marginalizzare ulteriormente una comunit\u00e0 gi\u00e0 oggetto di discriminazioni.\u200b<\/p>\n\n\n\n<h2 class=\"wp-block-heading\"><span class=\"ez-toc-section\" id=\"Prospettive_future_e_scenari_possibili\"><\/span>Prospettive future e scenari possibili<span class=\"ez-toc-section-end\"><\/span><\/h2>\n\n\n\n<p>Le elezioni amministrative di Roma del 2027 coincideranno probabilmente con le politiche nazionali, rendendo il test elettorale della Capitale ancora pi\u00f9 significativo. <strong>Se MuRo27 riuscir\u00e0 a strutturarsi come lista civica oa influenzare l&#8217;agenda politica delle coalizioni esistenti, potrebbe rappresentare un punto di svolta nella partecipazione politica musulmana in Italia<\/strong>. <\/p>\n\n\n\n<p>Lo scenario pi\u00f9 probabile vede il gruppo cercare alleanze con la sinistra radicale e con figura come l&#8217;ex sindaco Ignazio Marino, oggi parlamentare europeo eletto con Alleanza Verdi e Sinistra, o con Virginia Raggi, che non ha mai nascosto la sua opposizione al Partito Democratico e all&#8217;attuale sindaco Gualtieri.\u200b<\/p>\n\n\n\n<p>Secondo alcune ricostruzioni giornalistiche, dietro il progetto ci sarebbe l&#8217;ambizione di creare un soggetto politico nazionale che vada oltre Roma, con liste civiche sui territori che potrebbero confluire in un unico movimento a livello nazionale, coinvolgendo anche l&#8217;associazionismo filo-palestinese e figura come il parlamentare Aboubakar Soumahoro, gi\u00e0 sceso in campo a fianco di Bou Konate a Monfalcone. Francesco Tieri, nel libro pubblicato nel 2024, aveva scritto che &#8220;alla luce dello scenario politico dato, la costituzione di questo soggetto politico ci sembra non ulteriormente rimandabile oltre che necessaria alla societ\u00e0&#8221;.\u200b<\/p>\n\n\n\n<p>Resta da vedere se l&#8217;elettorato musulmano romano, stimato in diverse decine di migliaia di aventi diritto al voto, risponder\u00e0 all&#8217;appello di MuRo27. La comunit\u00e0 islamica della Capitale \u00e8 estremamente eterogenea, divisa per nazionalit\u00e0, correnti religiose e livello di integrazione. <\/p>\n\n\n\n<p><strong>Molti musulmani italiani potrebbero non riconoscersi in un progetto esplicitamente confessionale<\/strong> , preferendo partecipare alla vita politica attraverso i tradizionali partiti laici, come testimonia il caso di Mariam Ali, giovane musulmana egiziana candidatasi nel 2021 al consiglio comunale di Roma con una lista di centrosinistra, che aveva dichiarato: &#8220;Non mi candido per rappresentare i musulmani in Italia. Mi candido come cittadino italiano e romano, e voglio dare voce ai giovani, agli anziani e ai bisognosi&#8221;.\u200b<\/p>\n\n\n\n<p>Il dibattito su MuRo27 \u00e8 appena iniziato e nei prossimi mesi si capir\u00e0 se questo gruppo riuscir\u00e0 a trasformarsi in un vero soggetto politico competitivo o se rimarr\u00e0 un fenomeno di nicchia. Ci\u00f2 che \u00e8 certo \u00e8 che la presenza musulmana a Roma, e in Italia, non pu\u00f2 pi\u00f9 essere ignorata dalla politica, e che nuove forme di partecipazione democratica stanno emergendo in una societ\u00e0 sempre pi\u00f9 multiculturale e plurale.<\/p>\n\n\n\n<p><\/p>\n","protected":false},"excerpt":{"rendered":"<p>Nella citt\u00e0 eterna, cuore della cristianit\u00e0 e capitale d&#8217;Italia, sta prendendo forma un fenomeno politico senza precedenti che promette di ridisegnare gli equilibri delle prossime elezioni amministrative. MuRo27, acronimo di &#8220;Musulmani per Roma 2027&#8221;, rappresenta il primo tentativo organizzato della comunit\u00e0 islamica romana di trasformarsi in soggetto politico attivo in vista delle elezioni che si [&hellip;]<\/p>\n","protected":false},"author":3,"featured_media":60834,"comment_status":"closed","ping_status":"closed","sticky":false,"template":"","format":"standard","meta":{"pmpro_default_level":"","footnotes":""},"categories":[1413,2150],"tags":[2143,2226],"class_list":{"0":"post-60831","1":"post","2":"type-post","3":"status-publish","4":"format-standard","5":"has-post-thumbnail","7":"category-attualita","8":"category-politica","9":"tag-lazio","10":"tag-roma","11":"pmpro-has-access"},"aioseo_notices":[],"jetpack_featured_media_url":"https:\/\/alground.com\/site\/wp-content\/uploads\/2025\/11\/musulmani-roma.jpg","wps_subtitle":"","_links":{"self":[{"href":"https:\/\/alground.com\/site\/wp-json\/wp\/v2\/posts\/60831","targetHints":{"allow":["GET"]}}],"collection":[{"href":"https:\/\/alground.com\/site\/wp-json\/wp\/v2\/posts"}],"about":[{"href":"https:\/\/alground.com\/site\/wp-json\/wp\/v2\/types\/post"}],"author":[{"embeddable":true,"href":"https:\/\/alground.com\/site\/wp-json\/wp\/v2\/users\/3"}],"replies":[{"embeddable":true,"href":"https:\/\/alground.com\/site\/wp-json\/wp\/v2\/comments?post=60831"}],"version-history":[{"count":0,"href":"https:\/\/alground.com\/site\/wp-json\/wp\/v2\/posts\/60831\/revisions"}],"wp:featuredmedia":[{"embeddable":true,"href":"https:\/\/alground.com\/site\/wp-json\/wp\/v2\/media\/60834"}],"wp:attachment":[{"href":"https:\/\/alground.com\/site\/wp-json\/wp\/v2\/media?parent=60831"}],"wp:term":[{"taxonomy":"category","embeddable":true,"href":"https:\/\/alground.com\/site\/wp-json\/wp\/v2\/categories?post=60831"},{"taxonomy":"post_tag","embeddable":true,"href":"https:\/\/alground.com\/site\/wp-json\/wp\/v2\/tags?post=60831"}],"curies":[{"name":"wp","href":"https:\/\/api.w.org\/{rel}","templated":true}]}}