{"id":60912,"date":"2025-11-25T15:16:18","date_gmt":"2025-11-25T14:16:18","guid":{"rendered":"https:\/\/www.alground.com\/site\/?p=60912"},"modified":"2025-11-25T16:04:27","modified_gmt":"2025-11-25T15:04:27","slug":"elezioni-regionali-2025-il-centrosinistra-travolge-al-sud-la-lega-si-conferma-padrona-del-veneto","status":"publish","type":"post","link":"https:\/\/alground.com\/site\/elezioni-regionali-2025-il-centrosinistra-travolge-al-sud-la-lega-si-conferma-padrona-del-veneto\/60912\/","title":{"rendered":"Elezioni regionali 2025: il centrosinistra travolge al Sud, la Lega si conferma padrona del Veneto"},"content":{"rendered":"<div id=\"ez-toc-container\" class=\"ez-toc-v2_0_82_2 counter-hierarchy ez-toc-counter ez-toc-grey ez-toc-container-direction\">\n<p class=\"ez-toc-title\" style=\"cursor:inherit\">Punti chiave<\/p>\n<label for=\"ez-toc-cssicon-toggle-item-69f770ebda84e\" class=\"ez-toc-cssicon-toggle-label\"><span class=\"\"><span class=\"eztoc-hide\" style=\"display:none;\">Toggle<\/span><span class=\"ez-toc-icon-toggle-span\"><svg style=\"fill: #999;color:#999\" xmlns=\"http:\/\/www.w3.org\/2000\/svg\" class=\"list-377408\" width=\"20px\" height=\"20px\" viewBox=\"0 0 24 24\" fill=\"none\"><path d=\"M6 6H4v2h2V6zm14 0H8v2h12V6zM4 11h2v2H4v-2zm16 0H8v2h12v-2zM4 16h2v2H4v-2zm16 0H8v2h12v-2z\" fill=\"currentColor\"><\/path><\/svg><svg style=\"fill: #999;color:#999\" class=\"arrow-unsorted-368013\" xmlns=\"http:\/\/www.w3.org\/2000\/svg\" width=\"10px\" height=\"10px\" viewBox=\"0 0 24 24\" version=\"1.2\" baseProfile=\"tiny\"><path d=\"M18.2 9.3l-6.2-6.3-6.2 6.3c-.2.2-.3.4-.3.7s.1.5.3.7c.2.2.4.3.7.3h11c.3 0 .5-.1.7-.3.2-.2.3-.5.3-.7s-.1-.5-.3-.7zM5.8 14.7l6.2 6.3 6.2-6.3c.2-.2.3-.5.3-.7s-.1-.5-.3-.7c-.2-.2-.4-.3-.7-.3h-11c-.3 0-.5.1-.7.3-.2.2-.3.5-.3.7s.1.5.3.7z\"\/><\/svg><\/span><\/span><\/label><input type=\"checkbox\"  id=\"ez-toc-cssicon-toggle-item-69f770ebda84e\"  aria-label=\"Toggle\" \/><nav><ul class='ez-toc-list ez-toc-list-level-1 ' ><li class='ez-toc-page-1 ez-toc-heading-level-2'><a class=\"ez-toc-link ez-toc-heading-1\" href=\"https:\/\/alground.com\/site\/elezioni-regionali-2025-il-centrosinistra-travolge-al-sud-la-lega-si-conferma-padrona-del-veneto\/60912\/#Lastensionismo_e_il_vero_vincitore\" >L&#8217;astensionismo \u00e8 il vero vincitore<\/a><\/li><li class='ez-toc-page-1 ez-toc-heading-level-2'><a class=\"ez-toc-link ez-toc-heading-2\" href=\"https:\/\/alground.com\/site\/elezioni-regionali-2025-il-centrosinistra-travolge-al-sud-la-lega-si-conferma-padrona-del-veneto\/60912\/#Campania_Roberto_Fico_chiude_lera_De_Luca\" >Campania: Roberto Fico chiude l&#8217;era De Luca<\/a><\/li><li class='ez-toc-page-1 ez-toc-heading-level-2'><a class=\"ez-toc-link ez-toc-heading-3\" href=\"https:\/\/alground.com\/site\/elezioni-regionali-2025-il-centrosinistra-travolge-al-sud-la-lega-si-conferma-padrona-del-veneto\/60912\/#Puglia_Antonio_Decaro_conquista_la_regione_con_numeri_record\" >Puglia: Antonio Decaro conquista la regione con numeri record<\/a><\/li><li class='ez-toc-page-1 ez-toc-heading-level-2'><a class=\"ez-toc-link ez-toc-heading-4\" href=\"https:\/\/alground.com\/site\/elezioni-regionali-2025-il-centrosinistra-travolge-al-sud-la-lega-si-conferma-padrona-del-veneto\/60912\/#Veneto_londa_lunga_di_Zaia_travolge_Fratelli_dItalia\" >Veneto: l&#8217;onda lunga di Zaia travolge Fratelli d&#8217;Italia<\/a><\/li><li class='ez-toc-page-1 ez-toc-heading-level-2'><a class=\"ez-toc-link ez-toc-heading-5\" href=\"https:\/\/alground.com\/site\/elezioni-regionali-2025-il-centrosinistra-travolge-al-sud-la-lega-si-conferma-padrona-del-veneto\/60912\/#Le_reazioni_politiche_Schlein_esulta_Meloni_si_congratula\" >Le reazioni politiche: Schlein esulta, Meloni si congratula<\/a><\/li><li class='ez-toc-page-1 ez-toc-heading-level-2'><a class=\"ez-toc-link ez-toc-heading-6\" href=\"https:\/\/alground.com\/site\/elezioni-regionali-2025-il-centrosinistra-travolge-al-sud-la-lega-si-conferma-padrona-del-veneto\/60912\/#Il_futuro_politico_tra_legge_elettorale_e_politiche_2027\" >Il futuro politico tra legge elettorale e politiche 2027<\/a><\/li><\/ul><\/nav><\/div>\n\n<p><br>Le urne di Campania, Puglia e Veneto hanno consegnato un verdetto che conferma le mappe politiche preesistenti ma offre numerosi spunti di riflessione per entrambi gli schieramenti.&nbsp;<br><strong>Il centrosinistra ha dominato nelle due grandi regioni meridionali con margini amplissimi<\/strong>, mentre il centrodestra ha mantenuto saldamente la roccaforte veneta grazie al traino di Luca Zaia e all&#8217;ascesa del giovane Alberto Stefani. <br>Il risultato complessivo delle regionali autunnali si chiude quindi in parit\u00e0: tre regioni al centrodestra (Veneto, Marche e Calabria) e tre al centrosinistra (Campania, Puglia e Toscana).<\/p>\n\n\n<figure class=\"wp-block-post-featured-image\"><img loading=\"lazy\" decoding=\"async\" width=\"977\" height=\"550\" src=\"https:\/\/alground.com\/site\/wp-content\/uploads\/2025\/11\/elezioni.jpg\" class=\"attachment-post-thumbnail size-post-thumbnail wp-post-image\" alt=\"\" style=\"object-fit:cover;\" srcset=\"https:\/\/alground.com\/site\/wp-content\/uploads\/2025\/11\/elezioni.jpg 977w, https:\/\/alground.com\/site\/wp-content\/uploads\/2025\/11\/elezioni-300x169.jpg 300w, https:\/\/alground.com\/site\/wp-content\/uploads\/2025\/11\/elezioni-768x432.jpg 768w, https:\/\/alground.com\/site\/wp-content\/uploads\/2025\/11\/elezioni-746x420.jpg 746w, https:\/\/alground.com\/site\/wp-content\/uploads\/2025\/11\/elezioni-150x84.jpg 150w, https:\/\/alground.com\/site\/wp-content\/uploads\/2025\/11\/elezioni-696x392.jpg 696w\" sizes=\"auto, (max-width: 977px) 100vw, 977px\" \/><\/figure>\n\n\n<h2 class=\"wp-block-heading\"><span class=\"ez-toc-section\" id=\"Lastensionismo_e_il_vero_vincitore\"><\/span><br>L&#8217;astensionismo \u00e8 il vero vincitore<span class=\"ez-toc-section-end\"><\/span><\/h2>\n\n\n\n<p><br>Il dato pi\u00f9 preoccupante emerso da questa tornata elettorale riguarda l&#8217;affluenza alle urne, che ha toccato livelli storicamente bassi.&nbsp;<br><strong>Complessivamente, solo il 43,6% degli aventi diritto si \u00e8 recato a votare<\/strong>, un crollo di circa 14 punti percentuali rispetto al 2020. In Puglia l&#8217;affluenza si \u00e8 fermata al 41,8% contro il 56,4% di cinque anni fa, in Campania al 44,1% rispetto al 55,5%, mentre in Veneto, tradizionalmente terra ad alta mobilitazione politica, si \u00e8 raggiunto appena il 44,6% contro il 61,2% delle precedenti consultazioni.&nbsp;<br><strong>Meno di un elettore su due ha scelto di esprimere la propria preferenza<\/strong>, un segnale che interroga profondamente l&#8217;intera classe politica italiana e che rischia di ridimensionare il valore politico dei risultati finali, rendendo pi\u00f9 fragile la legittimazione degli eletti.<\/p>\n\n\n\n<h2 class=\"wp-block-heading\"><span class=\"ez-toc-section\" id=\"Campania_Roberto_Fico_chiude_lera_De_Luca\"><\/span><br>Campania: Roberto Fico chiude l&#8217;era De Luca<span class=\"ez-toc-section-end\"><\/span><\/h2>\n\n\n\n<figure class=\"wp-block-gallery has-nested-images columns-default is-cropped wp-block-gallery-1 is-layout-flex wp-block-gallery-is-layout-flex\">\n<figure class=\"wp-block-image size-large\"><img loading=\"lazy\" decoding=\"async\" width=\"610\" height=\"359\" data-id=\"60924\" src=\"https:\/\/www.alground.com\/origin\/wp-content\/uploads\/2025\/11\/Roberto-Fico.jpg\" alt=\"\" class=\"wp-image-60924\" srcset=\"https:\/\/alground.com\/site\/wp-content\/uploads\/2025\/11\/Roberto-Fico.jpg 610w, https:\/\/alground.com\/site\/wp-content\/uploads\/2025\/11\/Roberto-Fico-300x177.jpg 300w, https:\/\/alground.com\/site\/wp-content\/uploads\/2025\/11\/Roberto-Fico-150x88.jpg 150w\" sizes=\"auto, (max-width: 610px) 100vw, 610px\" \/><figcaption class=\"wp-element-caption\"><strong>Roberto Fico<\/strong><\/figcaption><\/figure>\n<\/figure>\n\n\n\n<p>La Campania ha rappresentato il campo di battaglia pi\u00f9 atteso di questa tornata elettorale.&nbsp;<br><strong>Roberto Fico, esponente storico del Movimento 5 Stelle ed ex presidente della Camera dei deputati, ha trionfato con il 60,7% dei consensi<\/strong>, doppiando letteralmente il suo avversario Edmondo Cirielli, candidato del centrodestra, fermo al 35,6%. <br><br>La vittoria del pentastellato segna la fine di un&#8217;epoca: dopo dieci anni consecutivi alla guida della regione, Vincenzo De Luca non ha potuto ripresentarsi a causa della sentenza della Corte Costituzionale che, lo scorso aprile, ha dichiarato incostituzionale la legge regionale campana che avrebbe permesso il terzo mandato consecutivo.<br><br>Fico, napoletano classe 1974, ha costruito la sua carriera politica interamente all&#8217;interno del Movimento 5 Stelle. Dai meetup di Beppe Grillo alle aule parlamentari, passando per la presidenza della Commissione di Vigilanza Rai e culminando nei cinque anni alla guida di Montecitorio (2018-2022),&nbsp;<strong>l&#8217;ex presidente della Camera rappresenta l&#8217;ala pi\u00f9 moderata e istituzionale del movimento fondato dal comico genovese<\/strong>. <br>La sua elezione a presidente della Camera nel 2018, quando arriv\u00f2 al primo giorno a Montecitorio in autobus invece che in auto blu, rimane un&#8217;immagine simbolica della stagione politica pentastellata.<\/p>\n\n\n\n<p>Il candidato sconfitto del centrodestra, Edmondo Cirielli, \u00e8 invece un profilo di lungo corso della destra italiana. <br>Generale di brigata dei Carabinieri in ausiliaria, laureato con lode in Giurisprudenza, Scienze Politiche e Scienze della Sicurezza, Cirielli vanta una carriera politica iniziata nel 1994 con il MSI-AN e proseguita poi nel Popolo della Libert\u00e0 e infine in Fratelli d&#8217;Italia. <br>Dal 2022 ricopre l&#8217;incarico di viceministro degli Affari Esteri nel governo Meloni, e proprio questa sua vicinanza alla premier era stata presentata come un valore aggiunto durante la campagna elettorale.<br>&nbsp;<br><strong>L&#8217;appoggio convinto di Giorgia Meloni non \u00e8 per\u00f2 bastato a ribaltare i pronostici<\/strong>: la lista &#8220;Giorgia Meloni per Cirielli-FdI&#8221; ha ottenuto un deludente 11,8%, mentre Forza Italia si \u00e8 attestata al 10,9% e la Lega al 5,5%.<\/p>\n\n\n\n<figure class=\"wp-block-gallery has-nested-images columns-default is-cropped wp-block-gallery-2 is-layout-flex wp-block-gallery-is-layout-flex\">\n<figure class=\"wp-block-image size-large\"><img loading=\"lazy\" decoding=\"async\" width=\"663\" height=\"675\" data-id=\"60934\" src=\"https:\/\/www.alground.com\/origin\/wp-content\/uploads\/2025\/11\/Edmondo_Cirielli.png\" alt=\"\" class=\"wp-image-60934\" srcset=\"https:\/\/alground.com\/site\/wp-content\/uploads\/2025\/11\/Edmondo_Cirielli.png 663w, https:\/\/alground.com\/site\/wp-content\/uploads\/2025\/11\/Edmondo_Cirielli-295x300.png 295w, https:\/\/alground.com\/site\/wp-content\/uploads\/2025\/11\/Edmondo_Cirielli-413x420.png 413w, https:\/\/alground.com\/site\/wp-content\/uploads\/2025\/11\/Edmondo_Cirielli-150x153.png 150w, https:\/\/alground.com\/site\/wp-content\/uploads\/2025\/11\/Edmondo_Cirielli-300x305.png 300w\" sizes=\"auto, (max-width: 663px) 100vw, 663px\" \/><figcaption class=\"wp-element-caption\"><strong>Edmondo Cirielli<\/strong><\/figcaption><\/figure>\n<\/figure>\n\n\n\n<p><br><br>Durante la campagna elettorale, i due candidati si sono confrontati su temi cruciali come l&#8217;autonomia differenziata, la sanit\u00e0 regionale e la questione del condono edilizio.&nbsp;<br><strong>Fico ha attaccato duramente la riforma Calderoli<\/strong>, sostenendo che &#8220;<em>crea disuguaglianze sul territorio e non aiuta il Sud<\/em>&#8220;, mentre Cirielli ha replicato difendendo la norma costituzionale ma promettendo di non chiedere deleghe aggiuntive considerata la situazione debitoria della regione. <br><br>Il confronto televisivo su Sky TG24 ha evidenziato le differenze profonde tra i due candidati, con Fico che ha definito &#8220;<em>un insulto all&#8217;intelligenza dei campani<\/em>&#8221; la proposta di riapertura dei termini del condono edilizio avanzata dal centrodestra a ridosso del voto.<\/p>\n\n\n\n<p><\/p>\n\n\n\n<h2 class=\"wp-block-heading\"><span class=\"ez-toc-section\" id=\"Puglia_Antonio_Decaro_conquista_la_regione_con_numeri_record\"><\/span><br>Puglia: Antonio Decaro conquista la regione con numeri record<span class=\"ez-toc-section-end\"><\/span><\/h2>\n\n\n\n<p>In Puglia il risultato \u00e8 stato ancora pi\u00f9 netto.&nbsp;<br><strong>Antonio Decaro, eurodeputato del Partito Democratico e apprezzatissimo ex sindaco di Bari, ha ottenuto il 64,1% dei consensi<\/strong>, schiacciando l&#8217;imprenditore Luigi Lobuono, candidato del centrodestra, fermo al 35%. <br><br>Decaro succede a Michele Emiliano, che ha governato la regione per dieci anni e che, pur non potendosi ricandidare, ha lasciato un&#8217;eredit\u00e0 politica significativa.<\/p>\n\n\n\n<figure class=\"wp-block-image size-full\"><img loading=\"lazy\" decoding=\"async\" width=\"960\" height=\"598\" src=\"https:\/\/www.alground.com\/origin\/wp-content\/uploads\/2025\/11\/antonio-decaro-1-e1752649989669.jpg\" alt=\"\" class=\"wp-image-60935\" srcset=\"https:\/\/alground.com\/site\/wp-content\/uploads\/2025\/11\/antonio-decaro-1-e1752649989669.jpg 960w, https:\/\/alground.com\/site\/wp-content\/uploads\/2025\/11\/antonio-decaro-1-e1752649989669-300x187.jpg 300w, https:\/\/alground.com\/site\/wp-content\/uploads\/2025\/11\/antonio-decaro-1-e1752649989669-768x478.jpg 768w, https:\/\/alground.com\/site\/wp-content\/uploads\/2025\/11\/antonio-decaro-1-e1752649989669-674x420.jpg 674w, https:\/\/alground.com\/site\/wp-content\/uploads\/2025\/11\/antonio-decaro-1-e1752649989669-150x93.jpg 150w, https:\/\/alground.com\/site\/wp-content\/uploads\/2025\/11\/antonio-decaro-1-e1752649989669-696x434.jpg 696w\" sizes=\"auto, (max-width: 960px) 100vw, 960px\" \/><figcaption class=\"wp-element-caption\"><strong>Antonio Decaro<\/strong><\/figcaption><\/figure>\n\n\n\n<p>Il nuovo governatore pugliese rappresenta un profilo politico di grande solidit\u00e0. <br>Nato a Bari nel 1970, laureato in ingegneria civile al Politecnico del capoluogo pugliese,&nbsp;<strong>Decaro ha costruito la sua carriera politica partendo dall&#8217;assessorato alla mobilit\u00e0 nel 2004, passando per il Consiglio regionale, la Camera dei deputati, fino a diventare sindaco di Bari per due mandati consecutivi<\/strong>&nbsp;(2014-2024). <br>Dal 2016 al 2024 ha presieduto l&#8217;ANCI, l&#8217;Associazione Nazionale dei Comuni Italiani, diventando uno dei volti pi\u00f9 noti dell&#8217;amministrazione locale italiana. <br><br>Alle europee del 2024 ha ottenuto oltre mezzo milione di preferenze nel Sud Italia, un record che lo ha proiettato alla presidenza della Commissione Ambiente del Parlamento europeo.<\/p>\n\n\n\n<p>Il Partito Democratico si \u00e8 confermato primo partito in Puglia con il 25,9% dei consensi, guadagnando quasi 55 mila voti rispetto al 2020. <br>Fratelli d&#8217;Italia, pur in crescita di sei punti percentuali rispetto alle precedenti regionali, si \u00e8 fermato al 18,7%, seguito da Forza Italia al 9,1% e dalla Lega all&#8217;8%. <br><br>Il Movimento 5 Stelle, che nel 2020 correva da solo, ha ottenuto poco pi\u00f9 del 7%, un dato inferiore alle aspettative ma che ha comunque contribuito alla vittoria del campo largo.<\/p>\n\n\n\n<h2 class=\"wp-block-heading\"><span class=\"ez-toc-section\" id=\"Veneto_londa_lunga_di_Zaia_travolge_Fratelli_dItalia\"><\/span><br>Veneto: l&#8217;onda lunga di Zaia travolge Fratelli d&#8217;Italia<span class=\"ez-toc-section-end\"><\/span><\/h2>\n\n\n\n<figure class=\"wp-block-gallery has-nested-images columns-default is-cropped wp-block-gallery-3 is-layout-flex wp-block-gallery-is-layout-flex\">\n<figure class=\"wp-block-image size-large\"><img loading=\"lazy\" decoding=\"async\" width=\"1009\" height=\"586\" data-id=\"60929\" src=\"https:\/\/www.alground.com\/origin\/wp-content\/uploads\/2025\/11\/whatsapp-image-2025-11-10-at-18-25-55_220364_20251113105934-1.jpg\" alt=\"\" class=\"wp-image-60929\" srcset=\"https:\/\/alground.com\/site\/wp-content\/uploads\/2025\/11\/whatsapp-image-2025-11-10-at-18-25-55_220364_20251113105934-1.jpg 1009w, https:\/\/alground.com\/site\/wp-content\/uploads\/2025\/11\/whatsapp-image-2025-11-10-at-18-25-55_220364_20251113105934-1-300x174.jpg 300w, https:\/\/alground.com\/site\/wp-content\/uploads\/2025\/11\/whatsapp-image-2025-11-10-at-18-25-55_220364_20251113105934-1-768x446.jpg 768w, https:\/\/alground.com\/site\/wp-content\/uploads\/2025\/11\/whatsapp-image-2025-11-10-at-18-25-55_220364_20251113105934-1-723x420.jpg 723w, https:\/\/alground.com\/site\/wp-content\/uploads\/2025\/11\/whatsapp-image-2025-11-10-at-18-25-55_220364_20251113105934-1-150x87.jpg 150w, https:\/\/alground.com\/site\/wp-content\/uploads\/2025\/11\/whatsapp-image-2025-11-10-at-18-25-55_220364_20251113105934-1-696x404.jpg 696w\" sizes=\"auto, (max-width: 1009px) 100vw, 1009px\" \/><figcaption class=\"wp-element-caption\"><strong>Alberto Stefani<\/strong><\/figcaption><\/figure>\n<\/figure>\n\n\n\n<p>In Veneto la sfida non era sulla vittoria finale, mai in discussione, ma sul rapporto di forze interno al centrodestra.&nbsp;<br><br><strong>Alberto Stefani, 33 anni, vicesegretario federale della Lega, ha trionfato con il 64,4% dei consensi<\/strong>, raccogliendo l&#8217;eredit\u00e0 di Luca Zaia che ha governato la regione per quindici anni consecutivi. <br><br>Lo sfidante del centrosinistra, l&#8217;ex sindaco di Treviso Giovanni Manildo, si \u00e8 fermato al 28,9%, un risultato che per\u00f2 rappresenta quasi il doppio rispetto al 16% ottenuto dalla coalizione progressista nel 2020.<\/p>\n\n\n\n<p>La vera storia di queste elezioni venete riguarda tuttavia le preferenze personali di Luca Zaia. <br>Il governatore uscente, candidato come capolista della Lega in tutte le sette province venete dopo il mancato via libera alla creazione di una lista con il proprio nome,&nbsp;<strong>ha raccolto oltre 200 mila preferenze<\/strong>, un risultato definito &#8220;clamoroso&#8221; dal presidente del Consiglio regionale Roberto Ciambetti. <br>Questo plebiscito personale ha permesso alla Lega di superare nettamente Fratelli d&#8217;Italia nel derby interno al centrodestra:&nbsp;<strong>il Carroccio ha ottenuto il 36,4% contro il 17,5% del partito di Meloni<\/strong>, un ribaltamento completo rispetto alle europee del 2024 quando FdI aveva raccolto il 37% e la Lega si era fermata al 16%.<\/p>\n\n\n\n<p>Stefani rappresenta il volto giovane della Lega veneta. Nato a Camposampiero, in provincia di Padova, il 16 novembre 1992, si \u00e8 iscritto al Carroccio a soli 15 anni, &#8220;fulminato&#8221; dall&#8217;idea del federalismo. <br>A 20 anni \u00e8 stato eletto consigliere comunale, a 25 \u00e8 diventato il pi\u00f9 giovane deputato della storia della Lega, a 26 ha vinto le elezioni a sindaco di Borgoricco.&nbsp;<br><strong>Laureato con lode in Giurisprudenza con una tesi in diritto canonico dedicata alla nonna Vittoria<\/strong>, sta proseguendo gli studi con un dottorato e pubblicazioni scientifiche. Appassionato di pittura a olio e tempera, ex giocatore di pallavolo, Stefani incarna un profilo di cattolicesimo moderato e radicamento territoriale che piace tanto a Salvini quanto all&#8217;ala zaiana del partito.<\/p>\n\n\n\n<p>Il candidato del centrosinistra Giovanni Manildo, 56 anni, avvocato ed ex sindaco di Treviso dal 2013 al 2018, ha condotto una campagna elettorale durata oltre 120 giorni incentrata su sanit\u00e0 pubblica, lavoro, ambiente e opportunit\u00e0 per i giovani. <\/p>\n\n\n\n<figure class=\"wp-block-image size-full\"><img loading=\"lazy\" decoding=\"async\" width=\"1009\" height=\"586\" src=\"https:\/\/www.alground.com\/origin\/wp-content\/uploads\/2025\/11\/manildo-14_220243_20251113110346.jpg\" alt=\"\" class=\"wp-image-60937\" srcset=\"https:\/\/alground.com\/site\/wp-content\/uploads\/2025\/11\/manildo-14_220243_20251113110346.jpg 1009w, https:\/\/alground.com\/site\/wp-content\/uploads\/2025\/11\/manildo-14_220243_20251113110346-300x174.jpg 300w, https:\/\/alground.com\/site\/wp-content\/uploads\/2025\/11\/manildo-14_220243_20251113110346-768x446.jpg 768w, https:\/\/alground.com\/site\/wp-content\/uploads\/2025\/11\/manildo-14_220243_20251113110346-723x420.jpg 723w, https:\/\/alground.com\/site\/wp-content\/uploads\/2025\/11\/manildo-14_220243_20251113110346-150x87.jpg 150w, https:\/\/alground.com\/site\/wp-content\/uploads\/2025\/11\/manildo-14_220243_20251113110346-696x404.jpg 696w\" sizes=\"auto, (max-width: 1009px) 100vw, 1009px\" \/><figcaption class=\"wp-element-caption\"><strong>Giovanni Manildo<\/strong><\/figcaption><\/figure>\n\n\n\n<p><br>Nonostante la sconfitta ampiamente prevista, Manildo ha rivendicato il risultato: &#8220;Nel 2015 il centrosinistra era sceso al 22%, nel 2020 \u00e8 crollato al 16%, oggi superiamo il 30%.&nbsp;<br><strong>\u00c8 molto pi\u00f9 di un numero: \u00e8 la conferma che in Veneto c&#8217;\u00e8 una parte del Paese che non si rassegna<\/strong>&#8220;.<\/p>\n\n\n\n<h2 class=\"wp-block-heading\"><span class=\"ez-toc-section\" id=\"Le_reazioni_politiche_Schlein_esulta_Meloni_si_congratula\"><\/span><br>Le reazioni politiche: Schlein esulta, Meloni si congratula<span class=\"ez-toc-section-end\"><\/span><\/h2>\n\n\n\n<p>Le prime reazioni dei leader nazionali hanno fotografato lo stato d&#8217;animo dei rispettivi schieramenti.&nbsp;<br><br><strong>Elly Schlein, segretaria del Partito Democratico, ha celebrato la vittoria con il mantra &#8220;<em>Uniti non si vince, si stravince<\/em>&#8220;<\/strong>, sottolineando come la linea &#8220;<em>testardamente unitaria<\/em>&#8221; sia stata premiata dagli elettori. <br>&#8220;<em>L&#8217;alternativa c&#8217;\u00e8 ed \u00e8 competitiva, il riscatto parte dal Sud e ci porter\u00e0 a vincere insieme<\/em>&#8220;, ha dichiarato la leader dem, aggiungendo che &#8220;<em>la partita delle prossime politiche \u00e8 apertissima&#8221;.<\/em><\/p>\n\n\n\n<p>Giorgia Meloni ha invece scelto la strada della sportivit\u00e0 istituzionale, congratulandosi con Stefani per &#8220;<em>una vittoria frutto del lavoro, della credibilit\u00e0 e della seriet\u00e0 della nostra coalizione<\/em>&#8221; e rivolgendo poi auguri anche a Decaro e Fico affinch\u00e9 &#8220;possano svolgere al meglio il loro mandato, nell&#8217;interesse dei cittadini&#8221;. <br>Matteo Salvini ha esultato per il risultato veneto definendolo &#8220;<em>oltre ogni previsione<\/em>&#8221; e ha sottolineato come la Lega stia &#8220;<em>crescendo con passo da Alpino<\/em>&#8220;.<\/p>\n\n\n\n<p>Dal centrosinistra \u00e8 arrivata anche la stilettata di Matteo Renzi, che ha commentato: &#8220;<em>I risultati di Campania e Puglia, dopo la Toscana, dicono che l&#8217;alternativa c&#8217;\u00e8, da casa riformista fino alla sinistra.&nbsp;<strong>E questa alternativa, quando \u00e8 unita, vince<\/strong><\/em>&#8220;. <br>Giuseppe Conte, leader del Movimento 5 Stelle, ha dedicato la vittoria campana a &#8220;<em>chi non si \u00e8 rivoltato dall&#8217;altra parte di fronte alle difficolt\u00e0 di famiglie e imprese<\/em>&#8220;<\/p>\n\n\n\n<h2 class=\"wp-block-heading\"><span class=\"ez-toc-section\" id=\"Il_futuro_politico_tra_legge_elettorale_e_politiche_2027\"><\/span><br>Il futuro politico tra legge elettorale e politiche 2027<span class=\"ez-toc-section-end\"><\/span><\/h2>\n\n\n\n<p>Questi risultati aprono numerosi scenari per il futuro.&nbsp;<br><strong>Il centrosinistra ha dimostrato che la formula del campo largo, quando applicata con coerenza, produce vittorie schiaccianti<\/strong>, almeno al Sud. <br>La sfida sar\u00e0 replicare questo schema a livello nazionale in vista delle politiche del 2027. Per il centrodestra, invece, la lezione viene soprattutto dal Veneto, dove il radicamento territoriale della Lega e il carisma di figure come Zaia si sono rivelati decisivi per contenere l&#8217;avanzata di Fratelli d&#8217;Italia.<\/p>\n\n\n\n<p>Il dato sull&#8217;astensionismo rimane per\u00f2 l&#8217;elefante nella stanza.&nbsp;<br><strong>Con meno della met\u00e0 degli elettori che si recano alle urne, la legittimazione democratica dei vincitori risulta inevitabilmente indebolita<\/strong>. <br>Come ha osservato Giovanni Manildo nel suo messaggio post-voto, &#8220;<em>l&#8217;affluenza in calo ci preoccupa e dovrebbe interrogare tutta la politica<\/em>&#8220;.<\/p>\n\n\n\n<figure class=\"wp-block-image size-large\"><img loading=\"lazy\" decoding=\"async\" width=\"1024\" height=\"683\" src=\"https:\/\/www.alground.com\/origin\/wp-content\/uploads\/2025\/11\/locandina-maratona-referendum-19-5-25-jpeg-1024x683.webp\" alt=\"\" class=\"wp-image-60941\" srcset=\"https:\/\/alground.com\/site\/wp-content\/uploads\/2025\/11\/locandina-maratona-referendum-19-5-25-jpeg-1024x683.webp 1024w, https:\/\/alground.com\/site\/wp-content\/uploads\/2025\/11\/locandina-maratona-referendum-19-5-25-jpeg-300x200.webp 300w, https:\/\/alground.com\/site\/wp-content\/uploads\/2025\/11\/locandina-maratona-referendum-19-5-25-jpeg-768x512.webp 768w, https:\/\/alground.com\/site\/wp-content\/uploads\/2025\/11\/locandina-maratona-referendum-19-5-25-jpeg-629x420.webp 629w, https:\/\/alground.com\/site\/wp-content\/uploads\/2025\/11\/locandina-maratona-referendum-19-5-25-jpeg-150x100.webp 150w, https:\/\/alground.com\/site\/wp-content\/uploads\/2025\/11\/locandina-maratona-referendum-19-5-25-jpeg-696x464.webp 696w, https:\/\/alground.com\/site\/wp-content\/uploads\/2025\/11\/locandina-maratona-referendum-19-5-25-jpeg-1068x713.webp 1068w, https:\/\/alground.com\/site\/wp-content\/uploads\/2025\/11\/locandina-maratona-referendum-19-5-25-jpeg.webp 1130w\" sizes=\"auto, (max-width: 1024px) 100vw, 1024px\" \/><\/figure>\n\n\n\n<p>La partita per le prossime elezioni politiche \u00e8 dunque aperta, con un centrosinistra galvanizzato dalla conferma che &#8220;<em>il mito dell&#8217;imbattibilit\u00e0 di Giorgia Meloni finisce oggi<\/em>&#8220;, come hanno ripetuto le opposizioni, e un centrodestra che dovr\u00e0 riflettere sulla difficolt\u00e0 di sfondare nelle regioni meridionali, nonostante l&#8217;impegno diretto della premier.&nbsp;<br><br><strong>Il vero vincitore di questa tornata elettorale resta per\u00f2 l&#8217;astensionismo, sintomo di una disaffezione crescente che nessuno schieramento sembra in grado di invertire<\/strong>.<\/p>\n","protected":false},"excerpt":{"rendered":"<p>Le urne di Campania, Puglia e Veneto hanno consegnato un verdetto che conferma le mappe politiche preesistenti ma offre numerosi spunti di riflessione per entrambi gli schieramenti.&nbsp;Il centrosinistra ha dominato nelle due grandi regioni meridionali con margini amplissimi, mentre il centrodestra ha mantenuto saldamente la roccaforte veneta grazie al traino di Luca Zaia e all&#8217;ascesa [&hellip;]<\/p>\n","protected":false},"author":2565,"featured_media":60923,"comment_status":"closed","ping_status":"closed","sticky":false,"template":"","format":"standard","meta":{"pmpro_default_level":"","footnotes":""},"categories":[1413],"tags":[],"class_list":{"0":"post-60912","1":"post","2":"type-post","3":"status-publish","4":"format-standard","5":"has-post-thumbnail","7":"category-attualita","8":"pmpro-has-access"},"aioseo_notices":[],"jetpack_featured_media_url":"https:\/\/alground.com\/site\/wp-content\/uploads\/2025\/11\/elezioni.jpg","wps_subtitle":"","_links":{"self":[{"href":"https:\/\/alground.com\/site\/wp-json\/wp\/v2\/posts\/60912","targetHints":{"allow":["GET"]}}],"collection":[{"href":"https:\/\/alground.com\/site\/wp-json\/wp\/v2\/posts"}],"about":[{"href":"https:\/\/alground.com\/site\/wp-json\/wp\/v2\/types\/post"}],"author":[{"embeddable":true,"href":"https:\/\/alground.com\/site\/wp-json\/wp\/v2\/users\/2565"}],"replies":[{"embeddable":true,"href":"https:\/\/alground.com\/site\/wp-json\/wp\/v2\/comments?post=60912"}],"version-history":[{"count":0,"href":"https:\/\/alground.com\/site\/wp-json\/wp\/v2\/posts\/60912\/revisions"}],"wp:featuredmedia":[{"embeddable":true,"href":"https:\/\/alground.com\/site\/wp-json\/wp\/v2\/media\/60923"}],"wp:attachment":[{"href":"https:\/\/alground.com\/site\/wp-json\/wp\/v2\/media?parent=60912"}],"wp:term":[{"taxonomy":"category","embeddable":true,"href":"https:\/\/alground.com\/site\/wp-json\/wp\/v2\/categories?post=60912"},{"taxonomy":"post_tag","embeddable":true,"href":"https:\/\/alground.com\/site\/wp-json\/wp\/v2\/tags?post=60912"}],"curies":[{"name":"wp","href":"https:\/\/api.w.org\/{rel}","templated":true}]}}