{"id":61260,"date":"2025-12-05T16:48:50","date_gmt":"2025-12-05T15:48:50","guid":{"rendered":"https:\/\/www.alground.com\/site\/?p=61260"},"modified":"2025-12-05T16:48:52","modified_gmt":"2025-12-05T15:48:52","slug":"la-germania-ridisegna-la-leva-militare-non-si-tratta-di-un-ritorno-al-passato-per-ora","status":"publish","type":"post","link":"https:\/\/alground.com\/site\/la-germania-ridisegna-la-leva-militare-non-si-tratta-di-un-ritorno-al-passato-per-ora\/61260\/","title":{"rendered":"La Germania ridisegna la leva militare: non si tratta di un ritorno al passato (per ora)"},"content":{"rendered":"<div id=\"ez-toc-container\" class=\"ez-toc-v2_0_82_2 counter-hierarchy ez-toc-counter ez-toc-grey ez-toc-container-direction\">\n<p class=\"ez-toc-title\" style=\"cursor:inherit\">Punti chiave<\/p>\n<label for=\"ez-toc-cssicon-toggle-item-69f776d54eb8a\" class=\"ez-toc-cssicon-toggle-label\"><span class=\"\"><span class=\"eztoc-hide\" style=\"display:none;\">Toggle<\/span><span class=\"ez-toc-icon-toggle-span\"><svg style=\"fill: #999;color:#999\" xmlns=\"http:\/\/www.w3.org\/2000\/svg\" class=\"list-377408\" width=\"20px\" height=\"20px\" viewBox=\"0 0 24 24\" fill=\"none\"><path d=\"M6 6H4v2h2V6zm14 0H8v2h12V6zM4 11h2v2H4v-2zm16 0H8v2h12v-2zM4 16h2v2H4v-2zm16 0H8v2h12v-2z\" fill=\"currentColor\"><\/path><\/svg><svg style=\"fill: #999;color:#999\" class=\"arrow-unsorted-368013\" xmlns=\"http:\/\/www.w3.org\/2000\/svg\" width=\"10px\" height=\"10px\" viewBox=\"0 0 24 24\" version=\"1.2\" baseProfile=\"tiny\"><path d=\"M18.2 9.3l-6.2-6.3-6.2 6.3c-.2.2-.3.4-.3.7s.1.5.3.7c.2.2.4.3.7.3h11c.3 0 .5-.1.7-.3.2-.2.3-.5.3-.7s-.1-.5-.3-.7zM5.8 14.7l6.2 6.3 6.2-6.3c.2-.2.3-.5.3-.7s-.1-.5-.3-.7c-.2-.2-.4-.3-.7-.3h-11c-.3 0-.5.1-.7.3-.2.2-.3.5-.3.7s.1.5.3.7z\"\/><\/svg><\/span><\/span><\/label><input type=\"checkbox\"  id=\"ez-toc-cssicon-toggle-item-69f776d54eb8a\"  aria-label=\"Toggle\" \/><nav><ul class='ez-toc-list ez-toc-list-level-1 ' ><li class='ez-toc-page-1 ez-toc-heading-level-2'><a class=\"ez-toc-link ez-toc-heading-1\" href=\"https:\/\/alground.com\/site\/la-germania-ridisegna-la-leva-militare-non-si-tratta-di-un-ritorno-al-passato-per-ora\/61260\/#Una_legge_che_segna_la_fine_di_unepoca\" >Una legge che segna la fine di un\u2019epoca<\/a><\/li><li class='ez-toc-page-1 ez-toc-heading-level-2'><a class=\"ez-toc-link ez-toc-heading-2\" href=\"https:\/\/alground.com\/site\/la-germania-ridisegna-la-leva-militare-non-si-tratta-di-un-ritorno-al-passato-per-ora\/61260\/#Il_ritorno_della_strategia_nella_politica_tedesca\" >Il ritorno della strategia nella politica tedesca<\/a><\/li><li class='ez-toc-page-1 ez-toc-heading-level-2'><a class=\"ez-toc-link ez-toc-heading-3\" href=\"https:\/\/alground.com\/site\/la-germania-ridisegna-la-leva-militare-non-si-tratta-di-un-ritorno-al-passato-per-ora\/61260\/#La_spinta_delle_crisi_europee\" >La spinta delle crisi europee<\/a><\/li><li class='ez-toc-page-1 ez-toc-heading-level-2'><a class=\"ez-toc-link ez-toc-heading-4\" href=\"https:\/\/alground.com\/site\/la-germania-ridisegna-la-leva-militare-non-si-tratta-di-un-ritorno-al-passato-per-ora\/61260\/#Registrazioni_obbligatorie_e_volontariato_espanso_il_modello_del_nuovo_servizio\" >Registrazioni obbligatorie e volontariato espanso: il modello del nuovo servizio<\/a><\/li><li class='ez-toc-page-1 ez-toc-heading-level-2'><a class=\"ez-toc-link ez-toc-heading-5\" href=\"https:\/\/alground.com\/site\/la-germania-ridisegna-la-leva-militare-non-si-tratta-di-un-ritorno-al-passato-per-ora\/61260\/#La_controversa_%E2%80%9Cleva_in_caso_di_necessita%E2%80%9D\" >La controversa \u201cleva in caso di necessit\u00e0\u201d<\/a><\/li><li class='ez-toc-page-1 ez-toc-heading-level-2'><a class=\"ez-toc-link ez-toc-heading-6\" href=\"https:\/\/alground.com\/site\/la-germania-ridisegna-la-leva-militare-non-si-tratta-di-un-ritorno-al-passato-per-ora\/61260\/#La_societa_tedesca_tra_sostegno_e_inquietudine\" >La societ\u00e0 tedesca tra sostegno e inquietudine<\/a><\/li><li class='ez-toc-page-1 ez-toc-heading-level-2'><a class=\"ez-toc-link ez-toc-heading-7\" href=\"https:\/\/alground.com\/site\/la-germania-ridisegna-la-leva-militare-non-si-tratta-di-un-ritorno-al-passato-per-ora\/61260\/#Un_segnale_alla_NATO_e_una_sfida_allEuropa\" >Un segnale alla NATO e una sfida all\u2019Europa<\/a><\/li><li class='ez-toc-page-1 ez-toc-heading-level-2'><a class=\"ez-toc-link ez-toc-heading-8\" href=\"https:\/\/alground.com\/site\/la-germania-ridisegna-la-leva-militare-non-si-tratta-di-un-ritorno-al-passato-per-ora\/61260\/#Un_futuro_che_dipende_dalla_partecipazione_dei_giovani\" >Un futuro che dipende dalla partecipazione dei giovani<\/a><\/li><\/ul><\/nav><\/div>\n\n<p><em>Un modello ibrido che non ripristina la coscrizione, ma costruisce un sistema di mobilitazione permanente. Berlino inaugura una nuova fase strategica, ridistribuisce il peso della difesa in Europa e mette in discussione decenni di cultura pacifista.<\/em><\/p>\n\n\n\n<h2 class=\"wp-block-heading\"><span class=\"ez-toc-section\" id=\"Una_legge_che_segna_la_fine_di_unepoca\"><\/span>Una legge che segna la fine di un\u2019epoca<span class=\"ez-toc-section-end\"><\/span><\/h2>\n\n\n\n<p>Quando il Bundestag ha approvato oggi la nuova legge sul servizio militare, nessun deputato ha potuto davvero fingere che si trattasse di un semplice aggiornamento amministrativo. Il voto segna invece una cesura storica. La Germania, dal 2011 priva di una leva obbligatoria e convinta di poter delegare sicurezza e deterrenza alla NATO e al proprio peso economico, ammette ora che quell\u2019intero paradigma non \u00e8 pi\u00f9 sostenibile. <\/p>\n\n\n\n<p>La riforma non reintroduce formalmente la coscrizione, ma la sfiora, la evoca e la prepara. Impone ai giovani maschi la registrazione obbligatoria e, in prospettiva, visite mediche che costruiranno un archivio nazionale di idoneit\u00e0 militare. L\u2019arruolamento resta volontario, ma lo Stato ne circonda il perimetro con incentivi e meccanismi di selezione che rendono la distinzione tra \u201cvolontariato\u201d e \u201cobbligo\u201d sempre pi\u00f9 sottile. Questo modello ibrido ha un nome preciso nella terminologia militare tedesca: un sistema di mobilitazione su necessit\u00e0. \u00c8 un concetto che la Germania non utilizzava pi\u00f9 da un quarto di secolo e che oggi ritorna come elemento centrale della sua dottrina strategica.<\/p>\n\n\n\n<h2 class=\"wp-block-heading\"><span class=\"ez-toc-section\" id=\"Il_ritorno_della_strategia_nella_politica_tedesca\"><\/span>Il ritorno della strategia nella politica tedesca<span class=\"ez-toc-section-end\"><\/span><\/h2>\n\n\n\n<p>La legge nasce da un presupposto: la Germania non pu\u00f2 pi\u00f9 permettersi un esercito sottodimensionato. Con circa 180.000 effettivi attivi, la Bundeswehr non \u00e8 in grado di assumere il ruolo centrale che Berlino si \u00e8 impegnata a ricoprire all\u2019interno della NATO e dell\u2019Unione Europea.<\/p>\n\n\n\n<figure class=\"wp-block-image size-large\"><img loading=\"lazy\" decoding=\"async\" width=\"1024\" height=\"512\" src=\"https:\/\/www.alground.com\/origin\/wp-content\/uploads\/2025\/12\/1000001247-1024x512.jpg\" alt=\"\" class=\"wp-image-61264\" srcset=\"https:\/\/alground.com\/site\/wp-content\/uploads\/2025\/12\/1000001247-1024x512.jpg 1024w, https:\/\/alground.com\/site\/wp-content\/uploads\/2025\/12\/1000001247-300x150.jpg 300w, https:\/\/alground.com\/site\/wp-content\/uploads\/2025\/12\/1000001247-768x384.jpg 768w, https:\/\/alground.com\/site\/wp-content\/uploads\/2025\/12\/1000001247-840x420.jpg 840w, https:\/\/alground.com\/site\/wp-content\/uploads\/2025\/12\/1000001247-150x75.jpg 150w, https:\/\/alground.com\/site\/wp-content\/uploads\/2025\/12\/1000001247-696x348.jpg 696w, https:\/\/alground.com\/site\/wp-content\/uploads\/2025\/12\/1000001247-1068x534.jpg 1068w, https:\/\/alground.com\/site\/wp-content\/uploads\/2025\/12\/1000001247.jpg 1100w\" sizes=\"auto, (max-width: 1024px) 100vw, 1024px\" \/><\/figure>\n\n\n\n<p>Il ministro della Difesa Boris Pistorius ha esplicitato questa necessit\u00e0 con un linguaggio insolitamente diretto per la politica tedesca. Ha parlato di \u201cun mondo che non aspetta\u201d, di un\u2019Europa che dipende dalla \u201ccapacit\u00e0 della Germania di proteggere il proprio territorio e contribuire a quello dei partner\u201d, di un\u2019epoca in cui l\u2019impreparazione non \u00e8 pi\u00f9 un\u2019opzione.<\/p>\n\n\n\n<p>L\u2019ambizione \u00e8 chiara: trasformare la Bundeswehr nella principale forza convenzionale del continente, capace di affiancare le potenze nucleari europee e sostenere un eventuale conflitto ad alta intensit\u00e0 per un periodo prolungato. \u00c8 un cambiamento radicale non solo per l\u2019apparato militare, ma per la cultura politica tedesca, dove la memoria del militarismo novecentesco ha per decenni limitato qualsiasi tentativo di ampliamento degli organici.<\/p>\n\n\n\n<h2 class=\"wp-block-heading\"><span class=\"ez-toc-section\" id=\"La_spinta_delle_crisi_europee\"><\/span>La spinta delle crisi europee<span class=\"ez-toc-section-end\"><\/span><\/h2>\n\n\n\n<p>La riforma non arriva in un vuoto geopolitico, \u00e8 il prodotto diretto dell\u2019accelerazione di instabilit\u00e0 che ha colpito l\u2019Europa negli ultimi quattro anni. La guerra in Ucraina, il deterioramento delle relazioni con la Russia, la pressione su rotte marittime critiche e il rischio, pi\u00f9 volte evocato dai servizi di intelligence, che conflitti regionali possano estendersi oltre i confini attuali, hanno messo Berlino davanti a una realt\u00e0: la pace non \u00e8 pi\u00f9 garantita dal semplice equilibrio economico. Parallelamente, la Germania si trova in un continente dove diversi vicini stanno gi\u00e0 ampliando la loro capacit\u00e0 militare. <\/p>\n\n\n\n<p>I Paesi baltici hanno adottato modelli di coscrizione attiva. La Finlandia mantiene una forza di riserva enorme, perfettamente addestrata e integrata. La Polonia, oggi tra le potenze militari europee emergenti, punta a diventare la forza armata convenzionale pi\u00f9 grande dell\u2019UE. In questo scenario, la Germania non pu\u00f2 pi\u00f9 essere la potenza economica che delega la guerra agli altri. La riforma votata oggi \u00e8 una risposta diretta alla percezione di vulnerabilit\u00e0 che attraversa la societ\u00e0 tedesca dopo la Zeitenwende, il \u201ccambiamento epocale\u201d annunciato dal cancelliere Olaf Scholz nel 2022 e rimasto finora incompiuto sul piano pratico.<\/p>\n\n\n\n<h2 class=\"wp-block-heading\"><span class=\"ez-toc-section\" id=\"Registrazioni_obbligatorie_e_volontariato_espanso_il_modello_del_nuovo_servizio\"><\/span>Registrazioni obbligatorie e volontariato espanso: il modello del nuovo servizio<span class=\"ez-toc-section-end\"><\/span><\/h2>\n\n\n\n<p>Il cuore della legge consiste in un sistema che distingue tra obblighi di registrazione e servizio volontario. <\/p>\n\n\n\n<p><strong>Tutti i maschi diciottenni dovranno registrarsi e compilare un questionario nazionale che valuter\u00e0 idoneit\u00e0 fisica, competenze, motivazione e attitudini. Le donne potranno partecipare, ma solo su base volontaria. <\/strong>Dal 2027, una quota di questi giovani dovr\u00e0 sottoporsi a visite mediche obbligatorie. Non equivale a essere arruolati, ma rappresenta un passo verso un archivio demografico-militare che la Germania non possedeva pi\u00f9 da anni. L\u2019arruolamento vero e proprio resta volontario.<\/p>\n\n\n\n<p>Ma il governo ha previsto un pacchetto di incentivi finanziari e sociali che mira a trasformare il servizio in un percorso competitivo: stipendi pi\u00f9 elevati, accesso facilitato ad alloggi agevolati, riconoscimento per studi universitari e carriere pubbliche, programmi di formazione e certificazione.<\/p>\n\n\n\n<p>Questo ecosistema crea una dinamica nuova: il servizio militare diventa una delle opzioni pi\u00f9 appetibili per giovani che affrontano un mercato del lavoro complesso, un costo della vita crescente e un sistema educativo sotto pressione.<\/p>\n\n\n\n<h2 class=\"wp-block-heading\"><span class=\"ez-toc-section\" id=\"La_controversa_%E2%80%9Cleva_in_caso_di_necessita%E2%80%9D\"><\/span>La controversa \u201cleva in caso di necessit\u00e0\u201d<span class=\"ez-toc-section-end\"><\/span><\/h2>\n\n\n\n<p>Il punto pi\u00f9 discusso della legge, sia in Parlamento sia nell\u2019opinione pubblica, \u00e8 la <strong>clausola sulla Bedarfswehrpflicht<\/strong>: <strong>la possibilit\u00e0 che, qualora gli obiettivi di reclutamento non vengano raggiunti, il Parlamento possa votare una reintroduzione della leva obbligatoria<\/strong>. Non \u00e8 una mobilitazione automatica n\u00e9 un meccanismo nascosto ma una scelta politica esplicita che richiede una nuova legge e un nuovo voto. <\/p>\n\n\n\n<p>La sola presenza di questa clausola ha riaperto un dibattito che sembrava chiuso da pi\u00f9 di dieci anni. <strong>Molti giovani percepiscono la riforma come una leva silenziosa, un sistema che costruisce tutto ci\u00f2 che serve per un\u2019eventuale coscrizione, lasciando aperta la porta alla sua riattivazione.<\/strong><\/p>\n\n\n\n<h2 class=\"wp-block-heading\"><span class=\"ez-toc-section\" id=\"La_societa_tedesca_tra_sostegno_e_inquietudine\"><\/span>La societ\u00e0 tedesca tra sostegno e inquietudine<span class=\"ez-toc-section-end\"><\/span><\/h2>\n\n\n\n<p>La riforma divide profondamente l\u2019opinione pubblica. <strong>Una parte della popolazione riconosce la necessit\u00e0 di rafforzare la difesa nazionale<\/strong>, convinta che la Germania debba assumersi un ruolo proporzionato alla sua potenza economica. Ma <strong>una parte altrettanto consistente teme che la riforma rappresenti un passo verso un militarismo che il Paese ha faticato decenni a superare<\/strong>. Le manifestazioni studentesche davanti al Bundestag, le proteste coordinate sui social e la mobilitazione di associazioni civiche raccontano un disagio generazionale: un\u2019inquietudine verso uno Stato che torna a chiedere ai giovani il corpo, non soltanto il consenso fiscale.<\/p>\n\n\n\n<p>Il <strong>conflitto<\/strong> <strong>culturale<\/strong> sar\u00e0 probabilmente uno degli elementi determinanti del futuro della legge, la cui applicazione dipender\u00e0 anche dalla capacit\u00e0 del governo di trasformare la narrativa difensiva in un progetto civile condiviso. <\/p>\n\n\n\n<figure class=\"wp-block-image size-large\"><img loading=\"lazy\" decoding=\"async\" width=\"1024\" height=\"512\" src=\"https:\/\/www.alground.com\/origin\/wp-content\/uploads\/2025\/12\/1000001246-1024x512.jpg\" alt=\"\" class=\"wp-image-61265\" srcset=\"https:\/\/alground.com\/site\/wp-content\/uploads\/2025\/12\/1000001246-1024x512.jpg 1024w, https:\/\/alground.com\/site\/wp-content\/uploads\/2025\/12\/1000001246-300x150.jpg 300w, https:\/\/alground.com\/site\/wp-content\/uploads\/2025\/12\/1000001246-768x384.jpg 768w, https:\/\/alground.com\/site\/wp-content\/uploads\/2025\/12\/1000001246-840x420.jpg 840w, https:\/\/alground.com\/site\/wp-content\/uploads\/2025\/12\/1000001246-150x75.jpg 150w, https:\/\/alground.com\/site\/wp-content\/uploads\/2025\/12\/1000001246-696x348.jpg 696w, https:\/\/alground.com\/site\/wp-content\/uploads\/2025\/12\/1000001246-1068x534.jpg 1068w, https:\/\/alground.com\/site\/wp-content\/uploads\/2025\/12\/1000001246.jpg 1100w\" sizes=\"auto, (max-width: 1024px) 100vw, 1024px\" \/><\/figure>\n\n\n\n<h2 class=\"wp-block-heading\"><span class=\"ez-toc-section\" id=\"Un_segnale_alla_NATO_e_una_sfida_allEuropa\"><\/span>Un segnale alla NATO e una sfida all\u2019Europa<span class=\"ez-toc-section-end\"><\/span><\/h2>\n\n\n\n<p>Sul piano internazionale, la riforma \u00e8 stata osservata con grande attenzione. <strong>La NATO ha accolto positivamente il passo tedesco,<\/strong> interpretandolo come un segnale che Berlino \u00e8 finalmente disposta a trasformare la sua potenza economica in contributo militare reale.<\/p>\n\n\n\n<p>L\u2019Unione Europea, per\u00f2, guarda con sentimenti pi\u00f9 ambivalenti. <strong>Una Germania dotata di forze armate pi\u00f9 imponenti potrebbe riequilibrare l\u2019assetto difensivo europeo, ma rischia anche di creare nuove tensioni politiche, soprattutto in una fase in cui molti partner temono il predominio tedesco nelle politiche industriali, energetiche e ora militari<\/strong>. \u00c8 palese che la Germania non vuole pi\u00f9 essere soltanto un motore economico. <strong>Vuole essere un attore strategico con peso militare e capacit\u00e0 autonoma.<\/strong><\/p>\n\n\n\n<h2 class=\"wp-block-heading\"><span class=\"ez-toc-section\" id=\"Un_futuro_che_dipende_dalla_partecipazione_dei_giovani\"><\/span>Un futuro che dipende dalla partecipazione dei giovani<span class=\"ez-toc-section-end\"><\/span><\/h2>\n\n\n\n<p>La grande domanda resta aperta<strong>: il sistema funzioner\u00e0? Tutto dipender\u00e0 dalla risposta dei giovani tedeschi<\/strong>. Senza una quota significativa di volontari, la riforma rischia di trasformarsi in un contenitore vuoto o, nel peggiore dei casi, nel <strong>preludio a una reintroduzione forzata della coscrizione<\/strong>.<\/p>\n\n\n\n<p>Berlino si trova nel mezzo di una trasformazione profonda, <strong>la legge approvata oggi definisce un nuovo rapporto tra Stato e cittadino, tra individuo e difesa collettiva<\/strong>. \u00c8 una legge che non ricostruisce il passato, ma inaugura un futuro in cui la pace non \u00e8 pi\u00f9 considerata scontata. E proprio per questo, nel silenzio della plenaria del Bundestag, <strong>la riforma del 2025 ha il sapore di uno spartiacque.<\/strong><\/p>\n\n\n\n<p><\/p>\n","protected":false},"excerpt":{"rendered":"<p>Un modello ibrido che non ripristina la coscrizione, ma costruisce un sistema di mobilitazione permanente. Berlino inaugura una nuova fase strategica, ridistribuisce il peso della difesa in Europa e mette in discussione decenni di cultura pacifista. Una legge che segna la fine di un\u2019epoca Quando il Bundestag ha approvato oggi la nuova legge sul servizio [&hellip;]<\/p>\n","protected":false},"author":1,"featured_media":61263,"comment_status":"closed","ping_status":"closed","sticky":false,"template":"","format":"standard","meta":{"pmpro_default_level":"","footnotes":""},"categories":[1413],"tags":[],"class_list":{"0":"post-61260","1":"post","2":"type-post","3":"status-publish","4":"format-standard","5":"has-post-thumbnail","7":"category-attualita","8":"pmpro-has-access"},"aioseo_notices":[],"jetpack_featured_media_url":"https:\/\/alground.com\/site\/wp-content\/uploads\/2025\/12\/befunky_2025-11-5_16-32-10.jpg","wps_subtitle":"","_links":{"self":[{"href":"https:\/\/alground.com\/site\/wp-json\/wp\/v2\/posts\/61260","targetHints":{"allow":["GET"]}}],"collection":[{"href":"https:\/\/alground.com\/site\/wp-json\/wp\/v2\/posts"}],"about":[{"href":"https:\/\/alground.com\/site\/wp-json\/wp\/v2\/types\/post"}],"author":[{"embeddable":true,"href":"https:\/\/alground.com\/site\/wp-json\/wp\/v2\/users\/1"}],"replies":[{"embeddable":true,"href":"https:\/\/alground.com\/site\/wp-json\/wp\/v2\/comments?post=61260"}],"version-history":[{"count":0,"href":"https:\/\/alground.com\/site\/wp-json\/wp\/v2\/posts\/61260\/revisions"}],"wp:featuredmedia":[{"embeddable":true,"href":"https:\/\/alground.com\/site\/wp-json\/wp\/v2\/media\/61263"}],"wp:attachment":[{"href":"https:\/\/alground.com\/site\/wp-json\/wp\/v2\/media?parent=61260"}],"wp:term":[{"taxonomy":"category","embeddable":true,"href":"https:\/\/alground.com\/site\/wp-json\/wp\/v2\/categories?post=61260"},{"taxonomy":"post_tag","embeddable":true,"href":"https:\/\/alground.com\/site\/wp-json\/wp\/v2\/tags?post=61260"}],"curies":[{"name":"wp","href":"https:\/\/api.w.org\/{rel}","templated":true}]}}