{"id":61475,"date":"2025-12-22T22:33:11","date_gmt":"2025-12-22T21:33:11","guid":{"rendered":"https:\/\/www.alground.com\/site\/?p=61475"},"modified":"2025-12-22T22:33:13","modified_gmt":"2025-12-22T21:33:13","slug":"netanyahu-difende-la-commissione-sul-7-ottobre","status":"publish","type":"post","link":"https:\/\/alground.com\/site\/netanyahu-difende-la-commissione-sul-7-ottobre\/61475\/","title":{"rendered":"Netanyahu difende la commissione sul 7 Ottobre"},"content":{"rendered":"<div id=\"ez-toc-container\" class=\"ez-toc-v2_0_82_2 counter-hierarchy ez-toc-counter ez-toc-grey ez-toc-container-direction\">\n<p class=\"ez-toc-title\" style=\"cursor:inherit\">Punti chiave<\/p>\n<label for=\"ez-toc-cssicon-toggle-item-69f73943a3cd8\" class=\"ez-toc-cssicon-toggle-label\"><span class=\"\"><span class=\"eztoc-hide\" style=\"display:none;\">Toggle<\/span><span class=\"ez-toc-icon-toggle-span\"><svg style=\"fill: #999;color:#999\" xmlns=\"http:\/\/www.w3.org\/2000\/svg\" class=\"list-377408\" width=\"20px\" height=\"20px\" viewBox=\"0 0 24 24\" fill=\"none\"><path d=\"M6 6H4v2h2V6zm14 0H8v2h12V6zM4 11h2v2H4v-2zm16 0H8v2h12v-2zM4 16h2v2H4v-2zm16 0H8v2h12v-2z\" fill=\"currentColor\"><\/path><\/svg><svg style=\"fill: #999;color:#999\" class=\"arrow-unsorted-368013\" xmlns=\"http:\/\/www.w3.org\/2000\/svg\" width=\"10px\" height=\"10px\" viewBox=\"0 0 24 24\" version=\"1.2\" baseProfile=\"tiny\"><path d=\"M18.2 9.3l-6.2-6.3-6.2 6.3c-.2.2-.3.4-.3.7s.1.5.3.7c.2.2.4.3.7.3h11c.3 0 .5-.1.7-.3.2-.2.3-.5.3-.7s-.1-.5-.3-.7zM5.8 14.7l6.2 6.3 6.2-6.3c.2-.2.3-.5.3-.7s-.1-.5-.3-.7c-.2-.2-.4-.3-.7-.3h-11c-.3 0-.5.1-.7.3-.2.2-.3.5-.3.7s.1.5.3.7z\"\/><\/svg><\/span><\/span><\/label><input type=\"checkbox\"  id=\"ez-toc-cssicon-toggle-item-69f73943a3cd8\"  aria-label=\"Toggle\" \/><nav><ul class='ez-toc-list ez-toc-list-level-1 ' ><li class='ez-toc-page-1 ez-toc-heading-level-2'><a class=\"ez-toc-link ez-toc-heading-1\" href=\"https:\/\/alground.com\/site\/netanyahu-difende-la-commissione-sul-7-ottobre\/61475\/#Un_videomessaggio_a_sostegno_della_commissione\" >Un videomessaggio a sostegno della commissione<\/a><ul class='ez-toc-list-level-3' ><li class='ez-toc-heading-level-3'><a class=\"ez-toc-link ez-toc-heading-2\" href=\"https:\/\/alground.com\/site\/netanyahu-difende-la-commissione-sul-7-ottobre\/61475\/#Parole_dure_che_fanno_gridare_allo_scandalo_lopposizione\" >Parole dure che fanno gridare allo scandalo l&#8217;opposizione<\/a><\/li><\/ul><\/li><li class='ez-toc-page-1 ez-toc-heading-level-2'><a class=\"ez-toc-link ez-toc-heading-3\" href=\"https:\/\/alground.com\/site\/netanyahu-difende-la-commissione-sul-7-ottobre\/61475\/#Una_proposta_che_divide_il_paese\" >Una proposta che divide il paese<\/a><\/li><li class='ez-toc-page-1 ez-toc-heading-level-2'><a class=\"ez-toc-link ez-toc-heading-4\" href=\"https:\/\/alground.com\/site\/netanyahu-difende-la-commissione-sul-7-ottobre\/61475\/#Critiche_anche_dalla_maggioranza\" >Critiche anche dalla maggioranza<\/a><\/li><li class='ez-toc-page-1 ez-toc-heading-level-2'><a class=\"ez-toc-link ez-toc-heading-5\" href=\"https:\/\/alground.com\/site\/netanyahu-difende-la-commissione-sul-7-ottobre\/61475\/#Il_contesto_storico_e_giuridico\" >Il contesto storico e giuridico<\/a><\/li><li class='ez-toc-page-1 ez-toc-heading-level-2'><a class=\"ez-toc-link ez-toc-heading-6\" href=\"https:\/\/alground.com\/site\/netanyahu-difende-la-commissione-sul-7-ottobre\/61475\/#Le_famiglie_dei_caduti_in_rivolta\" >Le famiglie dei caduti in rivolta<\/a><\/li><li class='ez-toc-page-1 ez-toc-heading-level-2'><a class=\"ez-toc-link ez-toc-heading-7\" href=\"https:\/\/alground.com\/site\/netanyahu-difende-la-commissione-sul-7-ottobre\/61475\/#Netanyahu_e_il_controllo_del_mandato\" >Netanyahu e il controllo del mandato<\/a><\/li><li class='ez-toc-page-1 ez-toc-heading-level-2'><a class=\"ez-toc-link ez-toc-heading-8\" href=\"https:\/\/alground.com\/site\/netanyahu-difende-la-commissione-sul-7-ottobre\/61475\/#Il_peso_del_processo_per_corruzione\" >Il peso del processo per corruzione<\/a><\/li><li class='ez-toc-page-1 ez-toc-heading-level-2'><a class=\"ez-toc-link ez-toc-heading-9\" href=\"https:\/\/alground.com\/site\/netanyahu-difende-la-commissione-sul-7-ottobre\/61475\/#Il_paragone_con_l11_settembre\" >Il paragone con l&#8217;11 settembre<\/a><\/li><li class='ez-toc-page-1 ez-toc-heading-level-2'><a class=\"ez-toc-link ez-toc-heading-10\" href=\"https:\/\/alground.com\/site\/netanyahu-difende-la-commissione-sul-7-ottobre\/61475\/#Cosa_accade_ora\" >Cosa accade ora<\/a><\/li><\/ul><\/nav><\/div>\n\n<p id=\"netanyahu-difende-la-commissione-equilibrata-sul-7\">Il primo ministro israeliano Benjamin Netanyahu ha pubblicamente difeso luned\u00ec il piano del suo governo di istituire una commissione d&#8217;inchiesta politica per indagare sui fallimenti che hanno preceduto e seguito il massacro del 7 ottobre 2023, respingendo le accuse secondo cui si tratterebbe di un tentativo di insabbiare le proprie responsabilit\u00e0.\u200b<\/p>\n\n\n<figure class=\"wp-block-post-featured-image\"><img loading=\"lazy\" decoding=\"async\" width=\"1593\" height=\"1368\" src=\"https:\/\/alground.com\/site\/wp-content\/uploads\/2025\/12\/shutterstock_2330207659.png\" class=\"attachment-post-thumbnail size-post-thumbnail wp-post-image\" alt=\"\" style=\"object-fit:cover;\" srcset=\"https:\/\/alground.com\/site\/wp-content\/uploads\/2025\/12\/shutterstock_2330207659.png 1593w, https:\/\/alground.com\/site\/wp-content\/uploads\/2025\/12\/shutterstock_2330207659-300x258.png 300w, https:\/\/alground.com\/site\/wp-content\/uploads\/2025\/12\/shutterstock_2330207659-1024x879.png 1024w, https:\/\/alground.com\/site\/wp-content\/uploads\/2025\/12\/shutterstock_2330207659-768x660.png 768w, https:\/\/alground.com\/site\/wp-content\/uploads\/2025\/12\/shutterstock_2330207659-1536x1319.png 1536w, https:\/\/alground.com\/site\/wp-content\/uploads\/2025\/12\/shutterstock_2330207659-489x420.png 489w, https:\/\/alground.com\/site\/wp-content\/uploads\/2025\/12\/shutterstock_2330207659-150x129.png 150w, https:\/\/alground.com\/site\/wp-content\/uploads\/2025\/12\/shutterstock_2330207659-696x598.png 696w, https:\/\/alground.com\/site\/wp-content\/uploads\/2025\/12\/shutterstock_2330207659-1068x917.png 1068w\" sizes=\"auto, (max-width: 1593px) 100vw, 1593px\" \/><\/figure>\n\n\n<h2 class=\"wp-block-heading\"><span class=\"ez-toc-section\" id=\"Un_videomessaggio_a_sostegno_della_commissione\"><\/span>Un videomessaggio a sostegno della commissione<span class=\"ez-toc-section-end\"><\/span><\/h2>\n\n\n\n<p>In un videomessaggio diffuso dopo l&#8217;approvazione della proposta da parte del comitato ministeriale, Netanyahu ha affermato che la commissione proposta sar\u00e0 &#8220;indipendente&#8221; e &#8220;equilibrata&#8221;, con un numero uguale di membri scelti dalla coalizione e dall&#8217;opposizione. Il premier ha sottolineato che nessun politico in carica far\u00e0 parte del panel, che includer\u00e0 invece esperti in sicurezza, diritto e mondo accademico, oltre a osservatori rappresentanti delle famiglie in lutto.\u200b<\/p>\n\n\n\n<h3 class=\"wp-block-heading\"><span class=\"ez-toc-section\" id=\"Parole_dure_che_fanno_gridare_allo_scandalo_lopposizione\"><\/span>Parole dure che fanno gridare allo scandalo l&#8217;opposizione<span class=\"ez-toc-section-end\"><\/span><\/h3>\n\n\n\n<p>&#8220;Questa sar\u00e0 una commissione con pieni poteri, esattamente come richiede la legge&#8221;, ha dichiarato Netanyahu, citando come modello la commissione bipartisan creata negli Stati Uniti dopo gli attacchi dell&#8217;11 settembre. Il primo ministro ha ribadito che il governo avrebbe potuto nominare autonomamente una commissione d&#8217;inchiesta governativa, ma ha ritenuto che tale opzione avrebbe ottenuto solo una fiducia limitata da parte del pubblico.\u200b<\/p>\n\n\n\n<h2 class=\"wp-block-heading\"><span class=\"ez-toc-section\" id=\"Una_proposta_che_divide_il_paese\"><\/span>Una proposta che divide il paese<span class=\"ez-toc-section-end\"><\/span><\/h2>\n\n\n\n<p>La commissione proposta dal deputato del Likud <strong>Ariel Kallner<\/strong> prevede un panel di sei membri nominati dalla Knesset. Il disegno di legge richiede inizialmente un voto di almeno 80 parlamentari per approvare i membri per consenso. In mancanza di accordo, coalizione e opposizione nomineranno tre membri ciascuno. Ma \u00e8 proprio qui che si annida la controversia principale: se l&#8217;opposizione dovesse rifiutarsi di partecipare, come ha promesso di fare, lo speaker della Knesset <strong>Amir Ohana<\/strong>, un fedelissimo di Netanyahu, nominerebbe tutti e sei i membri.\u200b<\/p>\n\n\n\n<figure class=\"wp-block-image size-large\"><img loading=\"lazy\" decoding=\"async\" width=\"1024\" height=\"683\" src=\"https:\/\/www.alground.com\/origin\/wp-content\/uploads\/2025\/12\/shutterstock_1041703408-1024x683.png\" alt=\"\" class=\"wp-image-61477\" srcset=\"https:\/\/alground.com\/site\/wp-content\/uploads\/2025\/12\/shutterstock_1041703408-1024x683.png 1024w, https:\/\/alground.com\/site\/wp-content\/uploads\/2025\/12\/shutterstock_1041703408-300x200.png 300w, https:\/\/alground.com\/site\/wp-content\/uploads\/2025\/12\/shutterstock_1041703408-768x512.png 768w, https:\/\/alground.com\/site\/wp-content\/uploads\/2025\/12\/shutterstock_1041703408-630x420.png 630w, https:\/\/alground.com\/site\/wp-content\/uploads\/2025\/12\/shutterstock_1041703408-150x100.png 150w, https:\/\/alground.com\/site\/wp-content\/uploads\/2025\/12\/shutterstock_1041703408-696x464.png 696w, https:\/\/alground.com\/site\/wp-content\/uploads\/2025\/12\/shutterstock_1041703408-1068x712.png 1068w, https:\/\/alground.com\/site\/wp-content\/uploads\/2025\/12\/shutterstock_1041703408.png 1300w\" sizes=\"auto, (max-width: 1024px) 100vw, 1024px\" \/><\/figure>\n\n\n\n<h2 class=\"wp-block-heading\"><span class=\"ez-toc-section\" id=\"Critiche_anche_dalla_maggioranza\"><\/span>Critiche anche dalla maggioranza<span class=\"ez-toc-section-end\"><\/span><\/h2>\n\n\n\n<p>Questa clausola ha suscitato forti critiche persino all&#8217;interno della maggioranza. Il ministro Ze&#8217;ev Elkin \u00e8 stato l&#8217;unico membro del gabinetto a votare contro la proposta durante la riunione del comitato ministeriale, esprimendo preoccupazione per il fatto che permettere a Ohana di nominare tutti i membri trasformerebbe di fatto la commissione in un&#8217;indagine completamente controllata dalla coalizione.\u200b<\/p>\n\n\n\n<p>L&#8217;opposizione ha reagito con durezza all&#8217;annuncio. Il leader dei Democratici Yair Golan ha scritto su X che &#8220;l&#8217;uomo responsabile del pi\u00f9 grande disastro della nostra storia non sta cercando risposte, sta cercando un alibi&#8221;. Yair Lapid, leader di Yesh Atid e principale figura dell&#8217;opposizione, ha definito la proposta &#8220;controllata politicamente&#8221; e ha ribadito la richiesta di una commissione statale d&#8217;inchiesta secondo la legge vigente.\u200b<\/p>\n\n\n\n<h2 class=\"wp-block-heading\"><span class=\"ez-toc-section\" id=\"Il_contesto_storico_e_giuridico\"><\/span>Il contesto storico e giuridico<span class=\"ez-toc-section-end\"><\/span><\/h2>\n\n\n\n<p>In Israele, le commissioni statali d&#8217;inchiesta sono regolate da una legge del 1968 che prevede l&#8217;indipendenza totale dell&#8217;organo investigativo dal potere politico. Secondo questa normativa, \u00e8 il presidente della Corte Suprema a nominare i membri della commissione, che deve essere presieduta da un giudice. Queste commissioni hanno poteri di citazione e sono considerate tra le istituzioni pi\u00f9 affidabili della democrazia israeliana.\u200b<\/p>\n\n\n\n<p>Nel corso della storia di Israele sono state istituite pi\u00f9 di venti commissioni statali d&#8217;inchiesta per eventi di rilevanza nazionale, tra cui quella dopo la guerra dello Yom Kippur del 1973, quella sul massacro di Sabra e Shatila nel 1982 e quella sull&#8217;assassinio del primo ministro Yitzhak Rabin nel 1995. Pi\u00f9 recentemente, \u00e8 stata istituita una commissione statale per indagare sulla tragica calca del Monte Meron nel 2021, che caus\u00f2 45 morti.\u200b<\/p>\n\n\n\n<p>L&#8217;opposizione e le famiglie delle vittime chiedono proprio questo tipo di indagine indipendente per il 7 ottobre. Un sondaggio dell&#8217;Institute for National Security Studies di ottobre ha rilevato che circa il <strong>75% degli israeliani<\/strong> \u00e8 favorevole all&#8217;istituzione di una commissione statale d&#8217;inchiesta, con solo il 17% contrario. Il sostegno \u00e8 trasversale: anche tra gli elettori della coalizione, il 52% supporta una commissione statale, percentuale che sale al 92% tra gli elettori dell&#8217;opposizione.\u200b<\/p>\n\n\n\n<h2 class=\"wp-block-heading\"><span class=\"ez-toc-section\" id=\"Le_famiglie_dei_caduti_in_rivolta\"><\/span>Le famiglie dei caduti in rivolta<span class=\"ez-toc-section-end\"><\/span><\/h2>\n\n\n\n<p>Le famiglie delle vittime del 7 ottobre hanno lanciato quella che hanno definito una &#8220;settimana di rabbia&#8221; contro il piano governativo. Il Consiglio di Ottobre, un forum che riunisce familiari dei caduti e degli ostaggi, ha promesso manifestazioni davanti alla Knesset e all&#8217;ufficio del primo ministro, oltre a una massiccia campagna sui social media e via messaggi.\u200b<\/p>\n\n\n\n<p>Domenica, <strong>22 ex ostaggi<\/strong> e decine di familiari di 49 ostaggi hanno firmato una lettera aperta a Netanyahu chiedendo al governo di istituire una commissione statale d&#8217;inchiesta o di dimettersi. &#8220;Chiediamo allo Stato di Israele di smettere di procrastinare e istituire immediatamente una piena commissione statale d&#8217;inchiesta&#8221;, si legge nella lettera.\u200b<\/p>\n\n\n\n<p>Rafi Ben Shitrit, ex sindaco di Beit She&#8217;an il cui figlio sergente maggiore Alroy \u00e8 stato ucciso a Nahal Oz, ha stracciato pubblicamente una copia del disegno di legge, affermando che \u00e8 inteso a &#8220;silenziare le critiche, cancellare le prove, evitare la responsabilit\u00e0 e manipolare il pubblico&#8221;.\u200b<\/p>\n\n\n\n<h2 class=\"wp-block-heading\"><span class=\"ez-toc-section\" id=\"Netanyahu_e_il_controllo_del_mandato\"><\/span>Netanyahu e il controllo del mandato<span class=\"ez-toc-section-end\"><\/span><\/h2>\n\n\n\n<p>Un elemento ancora pi\u00f9 controverso \u00e8 emerso la settimana scorsa: Netanyahu stesso presieder\u00e0 il comitato ministeriale che determiner\u00e0 l&#8217;ambito e il mandato della commissione d&#8217;inchiesta. Questo gli conferisce un&#8217;influenza determinante sulla direzione dell&#8217;indagine proposta dal suo governo, invece della commissione statale indipendente richiesta dalla maggioranza dell&#8217;opinione pubblica.\u200b<\/p>\n\n\n\n<p>Durante la prima riunione del comitato ministeriale luned\u00ec, Netanyahu ha dichiarato che l&#8217;indagine sugli eventi del 7 ottobre deve risalire indietro di decenni, &#8220;da Oslo, attraverso il Disimpegno [da Gaza], fino al rifiuto [di servire nelle riserve]&#8221;. Il riferimento agli Accordi di Oslo del 1993, al ritiro da Gaza del 2005 e alle proteste contro la riforma giudiziaria del 2023 suggerisce un tentativo di allargare la responsabilit\u00e0 ben oltre il suo governo.\u200b<\/p>\n\n\n\n<p>Questa mossa ha provocato ulteriori accuse di conflitto d&#8217;interessi. Il leader dell&#8217;opposizione Lapid ha ironizzato suggerendo che Netanyahu potrebbe &#8220;scrivere il verdetto subito&#8221;. L&#8217;ex ministro della Difesa Yoav Gallant e l&#8217;ex capo di stato maggiore Herzi Halevi hanno entrambi chiesto pubblicamente e ripetutamente l&#8217;istituzione di una commissione statale d&#8217;inchiesta.\u200b<\/p>\n\n\n\n<h2 class=\"wp-block-heading\"><span class=\"ez-toc-section\" id=\"Il_peso_del_processo_per_corruzione\"><\/span>Il peso del processo per corruzione<span class=\"ez-toc-section-end\"><\/span><\/h2>\n\n\n\n<p>La resistenza di Netanyahu a una commissione indipendente nominata dalla magistratura va contestualizzata nel quadro del suo difficile rapporto con il sistema giudiziario israeliano. Il primo ministro \u00e8 sotto processo dal 2020 per accuse di corruzione, frode e abuso d&#8217;ufficio in tre casi separati. La sua testimonianza, iniziata nel dicembre 2024, prosegue con sessioni tre volte a settimana.\u200b<\/p>\n\n\n\n<p>Nel 2023, il governo Netanyahu ha tentato una controversa riforma del sistema giudiziario che ha scatenato le pi\u00f9 grandi manifestazioni di piazza della storia israeliana, con centinaia di migliaia di persone in strada per mesi. Le proteste si sono intensificate quando migliaia di riservisti di unit\u00e0 d&#8217;\u00e9lite hanno minacciato di sospendere il servizio se la riforma fosse passata. La Corte Suprema ha successivamente bocciato la legge che limitava il potere della magistratura di annullare decisioni governative ritenute &#8220;irragionevoli&#8221;.\u200b<\/p>\n\n\n\n<p>Netanyahu ha ripetutamente affermato che una commissione statale i cui membri sarebbero scelti dalla magistratura non sarebbe imparziale nei confronti del suo governo. Ha evitato di chiamare per titolo il presidente della Corte Suprema Yitzhak Amit, riferendosi a lui solo come &#8220;Giustizia Amit&#8221;. I critici sottolineano come fino al 2022 lo stesso Netanyahu sostenesse le commissioni statali d&#8217;inchiesta per indagare sulla condotta del governo precedente.\u200b<\/p>\n\n\n\n<h2 class=\"wp-block-heading\"><span class=\"ez-toc-section\" id=\"Il_paragone_con_l11_settembre\"><\/span>Il paragone con l&#8217;11 settembre<span class=\"ez-toc-section-end\"><\/span><\/h2>\n\n\n\n<p>Nel suo videomessaggio, Netanyahu ha tracciato un parallelo tra gli attacchi del 7 ottobre e quelli dell&#8217;11 settembre 2001, sostenendo che un evento di tale portata richiede una &#8220;commissione speciale&#8221; come quella bipartisan creata negli Stati Uniti. &#8220;Nessuno si lament\u00f2 allora di faziosit\u00e0 politica, e devo dire che le sue conclusioni hanno ricevuto ampia legittimazione proprio per questa ragione&#8221;, ha affermato il premier.\u200b<\/p>\n\n\n\n<p>Il paragone \u00e8 stato ampiamente utilizzato nei circoli diplomatici israeliani fin dall&#8217;indomani dell&#8217;attacco. Molti osservatori hanno definito il 7 ottobre &#8220;l&#8217;11 settembre di Israele&#8221;, riferendosi al trauma collettivo subito dalla nazione. L&#8217;attacco di Hamas ha causato la morte di 1.219 persone, tra cui almeno 810 civili e 379 membri delle forze di sicurezza, ed \u00e8 stato il giorno pi\u00f9 letale nella storia di Israele.\u200b<\/p>\n\n\n\n<p>Tuttavia, alcuni esperti mettono in guardia contro un&#8217;eccessiva semplificazione del parallelo. La Commissione sull&#8217;11 settembre era composta da dieci membri nominati dal presidente e dai leader congressuali di entrambi i partiti, ma non includeva membri del governo in carica. Nel caso israeliano, invece, il mandato della commissione sar\u00e0 determinato da un comitato ministeriale presieduto dallo stesso Netanyahu, sollevando questioni fondamentali sulla sua reale indipendenza.<\/p>\n\n\n\n<h2 class=\"wp-block-heading\"><span class=\"ez-toc-section\" id=\"Cosa_accade_ora\"><\/span>Cosa accade ora<span class=\"ez-toc-section-end\"><\/span><\/h2>\n\n\n\n<p>Il disegno di legge di Kallner dovrebbe essere sottoposto a una lettura preliminare alla Knesset mercoled\u00ec. Se approvato, la commissione avrebbe sei membri con pieni poteri investigativi, inclusa la capacit\u00e0 di citare testimoni e accedere a documenti riservati. Il governo sottolinea che tutte le discussioni saranno trasmesse in diretta.\u200b<\/p>\n\n\n\n<p>Le forze di sicurezza israeliane hanno gi\u00e0 condotto indagini interne. A febbraio, un&#8217;inchiesta militare ha riconosciuto un &#8220;completo fallimento&#8221;, ammettendo di aver gravemente sottovalutato le capacit\u00e0 di Hamas. L&#8217;ex capo di stato maggiore Halevi si \u00e8 dimesso prima della conclusione dell&#8217;indagine, ammettendo i &#8220;terribili&#8221; fallimenti di sicurezza e intelligence. Anche lo Shin Bet, il servizio di sicurezza interno, ha riconosciuto numerosi errori nella valutazione della minaccia rappresentata da Hamas.\u200b<\/p>\n\n\n\n<p>Ma per le famiglie delle vittime e per gran parte dell&#8217;opinione pubblica israeliana, solo una commissione statale indipendente pu\u00f2 fornire risposte complete e garantire responsabilit\u00e0 politica. &#8220;Non sostengo l&#8217;istituzione di una commissione statale d&#8217;inchiesta per punire qualcuno, e non perch\u00e9 riporter\u00e0 indietro mio figlio&#8221;, ha dichiarato Jon Polin, padre di Hersh Goldberg-Polin, rapito il 7 ottobre e ucciso in cattivit\u00e0. &#8220;Sostengo una commissione statale d&#8217;inchiesta affinch\u00e9 ci\u00f2 che \u00e8 accaduto a mio figlio non possa mai pi\u00f9 accadere al figlio di qualcun altro&#8221;.\u200b<\/p>\n\n\n\n<p>Mentre Netanyahu insiste sul fatto che la sua proposta rappresenta &#8220;il modo giusto per accertare la verit\u00e0&#8221;, l&#8217;opposizione promette battaglia. Yair Lapid ha dichiarato che &#8220;una commissione statale d&#8217;inchiesta sar\u00e0 istituita, se non ora, allora nella prima settimana del nostro governo&#8221;. La procuratrice generale Gali Baharav-Miara ha criticato duramente la proposta governativa, definendola &#8220;politica&#8221; e inadeguata.\u200b<\/p>\n\n\n\n<p>La battaglia sulla commissione d&#8217;inchiesta del 7 ottobre riflette divisioni pi\u00f9 profonde nella societ\u00e0 israeliana: tra governo e magistratura, tra coalizione e opposizione, tra chi chiede responsabilit\u00e0 immediate e chi preferisce rimandare i conti fino alla fine della guerra. In gioco non c&#8217;\u00e8 solo la verit\u00e0 su cosa \u00e8 andato storto quel tragico giorno, ma la natura stessa della democrazia israeliana e della sua capacit\u00e0 di fare i conti con i propri fallimenti.<\/p>\n\n\n\n<hr class=\"wp-block-separator has-alpha-channel-opacity\"\/>\n\n\n\n<p><\/p>\n\n\n\n<p><strong>Meta Description SEO:<\/strong> <\/p>\n\n\n\n<ol class=\"wp-block-list\">\n<li><\/li>\n<\/ol>\n","protected":false},"excerpt":{"rendered":"<p>Il primo ministro israeliano Benjamin Netanyahu ha pubblicamente difeso luned\u00ec il piano del suo governo di istituire una commissione d&#8217;inchiesta politica per indagare sui fallimenti che hanno preceduto e seguito il massacro del 7 ottobre 2023, respingendo le accuse secondo cui si tratterebbe di un tentativo di insabbiare le proprie responsabilit\u00e0.\u200b Un videomessaggio a sostegno [&hellip;]<\/p>\n","protected":false},"author":9,"featured_media":61476,"comment_status":"closed","ping_status":"closed","sticky":false,"template":"","format":"standard","meta":{"pmpro_default_level":"","footnotes":""},"categories":[1413],"tags":[],"class_list":{"0":"post-61475","1":"post","2":"type-post","3":"status-publish","4":"format-standard","5":"has-post-thumbnail","7":"category-attualita","8":"pmpro-has-access"},"aioseo_notices":[],"jetpack_featured_media_url":"https:\/\/alground.com\/site\/wp-content\/uploads\/2025\/12\/shutterstock_2330207659.png","wps_subtitle":"","_links":{"self":[{"href":"https:\/\/alground.com\/site\/wp-json\/wp\/v2\/posts\/61475","targetHints":{"allow":["GET"]}}],"collection":[{"href":"https:\/\/alground.com\/site\/wp-json\/wp\/v2\/posts"}],"about":[{"href":"https:\/\/alground.com\/site\/wp-json\/wp\/v2\/types\/post"}],"author":[{"embeddable":true,"href":"https:\/\/alground.com\/site\/wp-json\/wp\/v2\/users\/9"}],"replies":[{"embeddable":true,"href":"https:\/\/alground.com\/site\/wp-json\/wp\/v2\/comments?post=61475"}],"version-history":[{"count":0,"href":"https:\/\/alground.com\/site\/wp-json\/wp\/v2\/posts\/61475\/revisions"}],"wp:featuredmedia":[{"embeddable":true,"href":"https:\/\/alground.com\/site\/wp-json\/wp\/v2\/media\/61476"}],"wp:attachment":[{"href":"https:\/\/alground.com\/site\/wp-json\/wp\/v2\/media?parent=61475"}],"wp:term":[{"taxonomy":"category","embeddable":true,"href":"https:\/\/alground.com\/site\/wp-json\/wp\/v2\/categories?post=61475"},{"taxonomy":"post_tag","embeddable":true,"href":"https:\/\/alground.com\/site\/wp-json\/wp\/v2\/tags?post=61475"}],"curies":[{"name":"wp","href":"https:\/\/api.w.org\/{rel}","templated":true}]}}