{"id":62706,"date":"2026-09-04T15:33:08","date_gmt":"2026-09-04T14:33:08","guid":{"rendered":"https:\/\/alground.com\/site\/?p=62706"},"modified":"2026-09-04T15:33:08","modified_gmt":"2026-09-04T14:33:08","slug":"militari-partito-vannacci-procura","status":"publish","type":"post","link":"https:\/\/alground.com\/site\/militari-partito-vannacci-procura\/62706\/","title":{"rendered":"Militari nel partito di Vannacci: cosa verifica la Procura"},"content":{"rendered":"\n<style>\n.alground-story{--ink:#01437f;--ink-soft:#4a7ba3;--paper:#f3efe4;--paper-card:#fbf9f3;--oxblood:#8c2f39;--gold:#a9843c;--text:#241f19;--text-muted:#5c5346;--line:rgba(1,67,127,.16);max-width:760px;margin:0 auto;padding:2.2rem 1.5rem 3rem;background:var(--paper);color:var(--text);font-family:-apple-system,BlinkMacSystemFont,\"Segoe UI\",Roboto,Helvetica,Arial,sans-serif;line-height:1.5;box-sizing:border-box}.alground-story *{box-sizing:border-box}.alground-story .lede{font-family:Georgia,\"Iowan Old Style\",\"Times New Roman\",serif;font-size:1.18rem;line-height:1.65;border-left:3px solid var(--gold);padding-left:1.1rem;margin:0 0 1.8rem}.alground-story .istruzioni{font-size:.88rem;color:var(--text-muted);font-style:italic;margin:0 0 .9rem}.alground-story .progresso{display:flex;align-items:center;gap:.6rem;margin:0 0 1.8rem}.alground-story .progresso-punti{display:flex;gap:6px}.alground-story .punto{width:9px;height:9px;border-radius:50%;border:1.5px solid var(--ink-soft);background:transparent;transition:background .25s ease,border-color .25s ease}.alground-story .punto.fatto{background:var(--gold);border-color:var(--gold)}.alground-story .progresso-testo{font-size:.82rem;color:var(--text-muted)}.alground-story .schede{display:flex;flex-direction:column;gap:.6rem}.alground-story .scheda{border:1px solid var(--line);background:var(--paper-card);border-radius:3px;overflow:hidden}.alground-story .scheda-header{width:100%;display:flex;align-items:center;gap:.9rem;background:transparent;border:0;text-align:left;padding:.95rem 1.1rem;cursor:pointer;font-family:inherit;color:var(--text)}.alground-story .scheda-header:hover{background:rgba(1,67,127,.04)}.alground-story .scheda-header:focus-visible{outline:2px solid var(--gold);outline-offset:-2px}.alground-story .tag{flex-shrink:0;font-size:.72rem;font-weight:600;color:var(--ink-soft);background:rgba(74,123,163,.12);padding:.3rem .55rem;border-radius:2px;white-space:nowrap}.alground-story .titolo-scheda{flex:1;font-size:1rem;font-weight:600}.alground-story .segno{flex-shrink:0;font-size:1.3rem;color:var(--gold);transition:transform .3s ease;line-height:1}.alground-story .scheda-header[aria-expanded=\"true\"] .segno{transform:rotate(45deg)}.alground-story .scheda-panel{display:grid;grid-template-rows:0fr;transition:grid-template-rows .35s ease}.alground-story .scheda[data-open=\"true\"] .scheda-panel{grid-template-rows:1fr}.alground-story .scheda-panel-inner{overflow:hidden}.alground-story .scheda-contenuto{padding:0 1.1rem 1.15rem;font-size:.97rem;line-height:1.65;border-top:1px solid var(--line);margin-top:0;padding-top:.95rem}.alground-story .scheda-contenuto p{margin:0 0 .85rem}.alground-story .scheda-contenuto p:last-child{margin-bottom:0}.alground-story .footer-nota{margin-top:2.2rem;padding-top:1.3rem;border-top:1px solid var(--line);display:flex;align-items:flex-start;gap:.7rem}.alground-story .puntino{flex-shrink:0;width:8px;height:8px;border-radius:50%;background:var(--oxblood);margin-top:.45rem;animation:vannacci-pulse 2s ease-in-out infinite}.alground-story .footer-nota p{font-size:.87rem;color:var(--text-muted);margin:0;line-height:1.55}@keyframes vannacci-pulse{0%,100%{opacity:1}50%{opacity:.3}}@media(max-width:520px){.alground-story{padding:1.6rem 1rem 2.4rem}.alground-story .lede{font-size:1.05rem}.alground-story .scheda-header{align-items:flex-start;gap:.65rem}.alground-story .tag{white-space:normal}}@media(prefers-reduced-motion:reduce){.alground-story *{animation:none!important;transition:none!important}}\n<\/style>\n<main class=\"alground-story\" id=\"vannacci-militari-2026\">\n<p class=\"lede\">La Procura militare di Roma ha avviato accertamenti preliminari sulla presenza di appartenenti alle Forze armate nell\u2019organizzazione di Futuro Nazionale. Al centro delle verifiche ci sono un ufficiale dell\u2019Aeronautica e un carabiniere in servizio. \u00c8 invece separato l\u2019esposto sulla presunta ricostituzione del partito fascista, destinato alla Procura ordinaria.<\/p>\n<p class=\"istruzioni\">Scegli da dove partire: apri le schede nell\u2019ordine che preferisci.<\/p>\n<div class=\"progresso\"><div class=\"progresso-punti\" aria-hidden=\"true\"><\/div><span class=\"progresso-testo\" aria-live=\"polite\">0 di 9 schede aperte<\/span><\/div>\n<div class=\"schede\">\n<div class=\"scheda\" data-open=\"false\"><button class=\"scheda-header\" aria-expanded=\"false\" aria-controls=\"vmp-panel-1\" id=\"vmp-header-1\"><span class=\"tag\">I fatti<\/span><span class=\"titolo-scheda\">Che cosa ha aperto realmente la Procura militare<\/span><span class=\"segno\" aria-hidden=\"true\">+<\/span><\/button><div class=\"scheda-panel\" id=\"vmp-panel-1\" role=\"region\" aria-labelledby=\"vmp-header-1\"><div class=\"scheda-panel-inner\"><div class=\"scheda-contenuto\"><p>La Procura militare di Roma, guidata da Marco De Paolis, ha disposto accertamenti preliminari dopo un esposto presentato dal Sindacato dei Militari. L\u2019obiettivo dichiarato \u00e8 verificare se esistano fatti di competenza della giustizia militare riguardanti appartenenti alle Forze armate presenti nella struttura organizzativa di Futuro Nazionale, il partito guidato da Roberto Vannacci.<\/p><p>Questa formulazione \u00e8 importante: non risulta ancora formalizzata una notizia di reato e non \u00e8 stata annunciata un\u2019indagine penale contro Vannacci. Gli accertamenti servono precisamente a stabilire se le condotte segnalate possano avere rilevanza militare.<\/p><p>Alcuni titoli iniziali hanno collegato l\u2019iniziativa all\u2019ipotesi di ricostituzione del partito fascista. La Procura militare ha per\u00f2 precisato che le verifiche non riguardano questa contestazione e non sono rivolte, per tale ipotesi, contro Vannacci.<\/p><\/div><\/div><\/div><\/div>\n<div class=\"scheda\" data-open=\"false\"><button class=\"scheda-header\" aria-expanded=\"false\" aria-controls=\"vmp-panel-2\" id=\"vmp-header-2\"><span class=\"tag\">I protagonisti<\/span><span class=\"titolo-scheda\">Chi sono i due militari indicati nell\u2019esposto<\/span><span class=\"segno\" aria-hidden=\"true\">+<\/span><\/button><div class=\"scheda-panel\" id=\"vmp-panel-2\" role=\"region\" aria-labelledby=\"vmp-header-2\"><div class=\"scheda-panel-inner\"><div class=\"scheda-contenuto\"><p>Le posizioni citate sono quelle di Antonsergio Belfiori, ufficiale dell\u2019Aeronautica e segretario nazionale organizzativo del SIAM, e Luigi Avveduto, sottufficiale dei Carabinieri e segretario nazionale del SIM Carabinieri.<\/p><p>Belfiori \u00e8 stato indicato come referente del comitato 329 di Futuro Nazionale a Villafranca di Verona. Avveduto compare invece come referente del comitato 1333 di Roma ed \u00e8 consigliere del VII Municipio della Capitale. Entrambi risultano ancora in servizio.<\/p><p>Avveduto ha confermato la propria vicinanza politica a Vannacci e la partecipazione alla costituente, ma ha negato di ricoprire incarichi interni. Belfiori ha sostenuto, secondo le ricostruzioni disponibili, che la costituzione del comitato locale sarebbe stata un\u2019iniziativa personale e non corrisponderebbe a una funzione direttiva. La verifica dovr\u00e0 accertare la natura effettiva delle attivit\u00e0, non limitandosi alle qualifiche riportate nei materiali politici.<\/p><\/div><\/div><\/div><\/div>\n<div class=\"scheda\" data-open=\"false\"><button class=\"scheda-header\" aria-expanded=\"false\" aria-controls=\"vmp-panel-3\" id=\"vmp-header-3\"><span class=\"tag\">Le contestazioni<\/span><span class=\"titolo-scheda\">Che cosa viene attribuito ai militari<\/span><span class=\"segno\" aria-hidden=\"true\">+<\/span><\/button><div class=\"scheda-panel\" id=\"vmp-panel-3\" role=\"region\" aria-labelledby=\"vmp-header-3\"><div class=\"scheda-panel-inner\"><div class=\"scheda-contenuto\"><p>L\u2019esposto sostiene che i due appartenenti alle Forze armate avrebbero svolto attivit\u00e0 organizzativa e di propaganda politica, assumendo ruoli non compatibili con gli obblighi di neutralit\u00e0 e imparzialit\u00e0 imposti dallo status militare.<\/p><p>Viene inoltre chiesto di accertare se i distacchi sindacali siano stati utilizzati esclusivamente per l\u2019attivit\u00e0 di rappresentanza oppure anche per sostenere l\u2019organizzazione politica di Futuro Nazionale. Nel caso di Belfiori viene richiamata la partecipazione alla costituente del partito, durante la quale avrebbe affrontato temi riguardanti difesa, immigrazione e condizioni economiche del personale. Avveduto ha pubblicamente annunciato la propria adesione politica e Vannacci lo aveva presentato come parte della nuova iniziativa su Roma.<\/p><p>Si tratta delle contestazioni contenute nell\u2019esposto: non sono fatti gi\u00e0 accertati dalla magistratura e non equivalgono a una responsabilit\u00e0 disciplinare o penale.<\/p><\/div><\/div><\/div><\/div>\n<div class=\"scheda\" data-open=\"false\"><button class=\"scheda-header\" aria-expanded=\"false\" aria-controls=\"vmp-panel-4\" id=\"vmp-header-4\"><span class=\"tag\">La distinzione<\/span><span class=\"titolo-scheda\">La Procura militare indaga sulla ricostituzione del partito fascista?<\/span><span class=\"segno\" aria-hidden=\"true\">+<\/span><\/button><div class=\"scheda-panel\" id=\"vmp-panel-4\" role=\"region\" aria-labelledby=\"vmp-header-4\"><div class=\"scheda-panel-inner\"><div class=\"scheda-contenuto\"><p>No. La Procura militare ha precisato di non aver aperto un\u2019indagine contro Vannacci per la presunta ricostituzione del partito fascista e di non aver indicato questa ipotesi come oggetto delle verifiche.<\/p><p>Esistono due percorsi differenti. Il primo riguarda la posizione dei militari in servizio presenti nell\u2019organizzazione di Futuro Nazionale ed \u00e8 seguito dalla magistratura militare. Il secondo nasce dall\u2019esposto che ipotizza una violazione della legge Scelba ed \u00e8 destinato alla Procura ordinaria di Roma.<\/p><p>L\u2019esposto sulla legge Scelba dovr\u00e0 essere valutato dal procuratore capo Francesco Lo Voi, che decider\u00e0 se assegnarlo a un sostituto e avviare ulteriori approfondimenti. Anche questo passaggio non significa che il reato sia stato riconosciuto o che qualcuno sia gi\u00e0 formalmente indagato.<\/p><\/div><\/div><\/div><\/div>\n<div class=\"scheda\" data-open=\"false\"><button class=\"scheda-header\" aria-expanded=\"false\" aria-controls=\"vmp-panel-5\" id=\"vmp-header-5\"><span class=\"tag\">La legge<\/span><span class=\"titolo-scheda\">Un militare pu\u00f2 iscriversi a un partito?<\/span><span class=\"segno\" aria-hidden=\"true\">+<\/span><\/button><div class=\"scheda-panel\" id=\"vmp-panel-5\" role=\"region\" aria-labelledby=\"vmp-header-5\"><div class=\"scheda-panel-inner\"><div class=\"scheda-contenuto\"><p>La risposta non \u00e8 un semplice s\u00ec o no. L\u2019articolo 98 della Costituzione consente alla legge di stabilire limitazioni al diritto d\u2019iscrizione ai partiti per i militari di carriera in servizio attivo, ma non introduce direttamente un divieto generale e automatico.<\/p><p>L\u2019articolo 1483 del Codice dell\u2019ordinamento militare stabilisce che le Forze armate devono restare fuori dalle competizioni politiche. Vieta inoltre ai militari di partecipare a manifestazioni di partito o svolgere propaganda quando stanno prestando servizio, si trovano in luoghi militari, indossano l\u2019uniforme oppure utilizzano la propria qualifica militare in relazione ai compiti di servizio.<\/p><p>La giurisprudenza amministrativa ha escluso che la semplice appartenenza alle Forze armate impedisca ogni attivit\u00e0 politica svolta come privato cittadino, fuori dal servizio e senza utilizzare uniforme o qualifica. Il nodo non \u00e8 quindi la sola adesione personale, ma il modo in cui l\u2019attivit\u00e0 viene esercitata e l\u2019eventuale sovrapposizione con servizio, grado e rappresentanza militare.<\/p><\/div><\/div><\/div><\/div>\n<div class=\"scheda\" data-open=\"false\"><button class=\"scheda-header\" aria-expanded=\"false\" aria-controls=\"vmp-panel-6\" id=\"vmp-header-6\"><span class=\"tag\">I sindacati<\/span><span class=\"titolo-scheda\">Perch\u00e9 gli incarichi sindacali rendono il caso pi\u00f9 delicato<\/span><span class=\"segno\" aria-hidden=\"true\">+<\/span><\/button><div class=\"scheda-panel\" id=\"vmp-panel-6\" role=\"region\" aria-labelledby=\"vmp-header-6\"><div class=\"scheda-panel-inner\"><div class=\"scheda-contenuto\"><p>Belfiori e Avveduto non sono soltanto militari: ricoprono incarichi in associazioni sindacali militari. La legge 46 del 2022 impone a queste organizzazioni neutralit\u00e0 ed estraneit\u00e0 rispetto alle competizioni, ai partiti e ai movimenti politici.<\/p><p>La normativa vieta alle associazioni sindacali militari di promuovere iniziative politiche o sostenere campagne elettorali. L\u2019attivit\u00e0 sindacale deve rimanere finalizzata alla tutela degli interessi collettivi del personale e non pu\u00f2 interferire con i compiti operativi delle Forze armate.<\/p><p>Gli accertamenti dovranno quindi distinguere l\u2019attivit\u00e0 politica compiuta individualmente da quella eventualmente svolta utilizzando il ruolo, il tempo o le risorse della rappresentanza sindacale. Questa distinzione potrebbe risultare pi\u00f9 importante della semplice iscrizione al partito.<\/p><\/div><\/div><\/div><\/div>\n<div class=\"scheda\" data-open=\"false\"><button class=\"scheda-header\" aria-expanded=\"false\" aria-controls=\"vmp-panel-7\" id=\"vmp-header-7\"><span class=\"tag\">Le reazioni<\/span><span class=\"titolo-scheda\">Che cosa rispondono Vannacci, Crosetto e Futuro Nazionale<\/span><span class=\"segno\" aria-hidden=\"true\">+<\/span><\/button><div class=\"scheda-panel\" id=\"vmp-panel-7\" role=\"region\" aria-labelledby=\"vmp-header-7\"><div class=\"scheda-panel-inner\"><div class=\"scheda-contenuto\"><p>Roberto Vannacci ha reagito minimizzando le notizie e contestando la ricostruzione giornalistica. Arrivato al Forum TEHA di Cernobbio, ha dichiarato di non essere preoccupato dagli accertamenti della Procura militare. Il coordinatore nazionale di Futuro Nazionale, Massimiliano Simoni, si \u00e8 detto sereno e convinto che la vicenda terminer\u00e0 con un\u2019archiviazione.<\/p><p>Il ministro della Difesa Guido Crosetto ha assunto una posizione garantista, sottolineando che sarebbe sbagliato trasformare gli accertamenti preliminari in un\u2019indagine gi\u00e0 definita sulla ricostituzione del partito fascista.<\/p><p>Le smentite non chiudono la questione. La Procura dovr\u00e0 confrontare le dichiarazioni degli interessati con documenti organizzativi, partecipazioni pubbliche, comunicazioni politiche e modalit\u00e0 di utilizzo degli incarichi sindacali.<\/p><\/div><\/div><\/div><\/div>\n<div class=\"scheda\" data-open=\"false\"><button class=\"scheda-header\" aria-expanded=\"false\" aria-controls=\"vmp-panel-8\" id=\"vmp-header-8\"><span class=\"tag\">Il significato<\/span><span class=\"titolo-scheda\">Perch\u00e9 il caso supera la posizione dei due militari<\/span><span class=\"segno\" aria-hidden=\"true\">+<\/span><\/button><div class=\"scheda-panel\" id=\"vmp-panel-8\" role=\"region\" aria-labelledby=\"vmp-header-8\"><div class=\"scheda-panel-inner\"><div class=\"scheda-contenuto\"><p>La vicenda riguarda il confine tra libert\u00e0 politica individuale e neutralit\u00e0 delle Forze armate. Un militare conserva i diritti riconosciuti agli altri cittadini, ma non pu\u00f2 dare l\u2019impressione che un corpo armato dello Stato sostenga una parte politica.<\/p><p>Il problema diventerebbe pi\u00f9 rilevante se emergesse una presenza organizzata e non soltanto individuale di militari in servizio dentro Futuro Nazionale. La Procura potrebbe quindi verificare se esistano altri appartenenti alle Forze armate coinvolti nei comitati territoriali o nelle attivit\u00e0 del partito.<\/p><p>Sul piano politico, il caso arriva mentre Futuro Nazionale cerca di consolidarsi e Vannacci viene invitato in contesti istituzionali ed economici di primo piano. Per il partito, un\u2019archiviazione rafforzerebbe la tesi della persecuzione politica. Eventuali contestazioni disciplinari o penali aprirebbero invece un problema sulla sua rete organizzativa e sul rapporto con il personale in uniforme.<\/p><\/div><\/div><\/div><\/div>\n<div class=\"scheda\" data-open=\"false\"><button class=\"scheda-header\" aria-expanded=\"false\" aria-controls=\"vmp-panel-9\" id=\"vmp-header-9\"><span class=\"tag\">Le incognite<\/span><span class=\"titolo-scheda\">Che cosa non sappiamo ancora<\/span><span class=\"segno\" aria-hidden=\"true\">+<\/span><\/button><div class=\"scheda-panel\" id=\"vmp-panel-9\" role=\"region\" aria-labelledby=\"vmp-header-9\"><div class=\"scheda-panel-inner\"><div class=\"scheda-contenuto\"><p>Non sappiamo se la Procura militare individuer\u00e0 una notizia di reato, se gli atti saranno archiviati oppure se parte della vicenda rester\u00e0 confinata all\u2019ambito disciplinare.<\/p><p>Non \u00e8 ancora dimostrato che i due militari abbiano svolto propaganda durante il servizio, in luoghi militari, in uniforme o utilizzando la propria qualifica professionale. Non \u00e8 neppure accertato un uso politico dei distacchi sindacali. Resta separata e ancora da valutare l\u2019ipotesi relativa alla legge Scelba: un esposto chiede alla magistratura di controllare determinati fatti, ma non prova da solo l\u2019esistenza di un reato.<\/p><p>I prossimi passaggi da osservare saranno l\u2019eventuale apertura formale di un procedimento militare, la decisione della Procura ordinaria sull\u2019esposto e le verifiche interne del ministero della Difesa.<\/p><\/div><\/div><\/div><\/div>\n<\/div>\n<div class=\"footer-nota\"><span class=\"puntino\" aria-hidden=\"true\"><\/span><p><strong>Seguiamo questa storia:<\/strong> iscriviti a questo articolo. Riceverai aggiornamenti in tempo reale non appena vengono pubblicati<\/p><\/div>\n<\/main>\n<script>(function(){const root=document.getElementById('vannacci-militari-2026');if(!root)return;const totale=9,opened=new Set(),punti=root.querySelector('.progresso-punti'),testo=root.querySelector('.progresso-testo');for(let i=1;i<=totale;i++){const dot=document.createElement('span');dot.className='punto';punti.appendChild(dot)}function aggiorna(){testo.textContent=opened.size+' di '+totale+' schede aperte'}root.querySelectorAll('.scheda-header').forEach(function(btn,index){btn.addEventListener('click',function(){const scheda=btn.closest('.scheda'),nowOpen=btn.getAttribute('aria-expanded')!=='true';btn.setAttribute('aria-expanded',nowOpen?'true':'false');scheda.setAttribute('data-open',nowOpen?'true':'false');if(nowOpen){opened.add(index)}else{opened.delete(index)}punti.children[index].classList.toggle('fatto',nowOpen);aggiorna()})})})();<\/script>\n\n","protected":false},"excerpt":{"rendered":"<p>La Procura militare di Roma verifica la presenza di appartenenti alle Forze armate nella struttura di Futuro Nazionale. Ecco che cosa prevede realmente la legge.<\/p>\n","protected":false},"author":3,"featured_media":62707,"comment_status":"closed","ping_status":"","sticky":false,"template":"","format":"standard","meta":{"pmpro_default_level":"","footnotes":"","_yoast_wpseo_title":"Militari nel partito di Vannacci: cosa verifica la Procura","_yoast_wpseo_metadesc":"La Procura militare verifica la presenza di militari in servizio dentro Futuro Nazionale. Le accuse, le norme e la posizione di Vannacci.","_yoast_wpseo_focuskw":"militari nel partito di Vannacci","rank_math_title":"Militari nel partito di Vannacci: cosa verifica la Procura","rank_math_description":"La Procura militare verifica la presenza di militari in servizio dentro Futuro Nazionale. Le accuse, le norme e la posizione di Vannacci.","rank_math_focus_keyword":"militari nel partito di Vannacci","_aioseop_title":"","_aioseop_description":"","jetpack_post_was_ever_published":false},"categories":[2150],"tags":[],"class_list":["post-62706","post","type-post","status-publish","format-standard","has-post-thumbnail","category-politica","pmpro-has-access"],"aioseo_notices":[],"aioseo_head":"\n\t\t<!-- All in One SEO Pro 5.0.1.1 - aioseo.com -->\n\t<meta name=\"description\" content=\"La Procura militare di Roma verifica la presenza di appartenenti alle Forze armate nella struttura di Futuro Nazionale. Ecco che cosa prevede realmente la legge.\" \/>\n\t<meta name=\"robots\" content=\"max-image-preview:large\" \/>\n\t<meta name=\"author\" content=\"Alex Trizio\"\/>\n\t<meta name=\"google-site-verification\" content=\"uXIDMontx6A-5jxjAAuTv_CtdoyW0fZ-TE172a9ELeg\" \/>\n\t<link rel=\"canonical\" href=\"https:\/\/alground.com\/site\/militari-partito-vannacci-procura\/62706\/\" \/>\n\t<meta name=\"generator\" content=\"All in One SEO Pro (AIOSEO) 5.0.1.1\" \/>\n\t\t<meta property=\"og:locale\" content=\"it_IT\" \/>\n\t\t<meta property=\"og:site_name\" content=\"Alground | Tecnologia - Cyberwarfare - Intelligenza Artificiale\" \/>\n\t\t<meta property=\"og:type\" content=\"article\" \/>\n\t\t<meta property=\"og:title\" content=\"Militari nel partito di Vannacci: cosa verifica la Procura | Alground\" \/>\n\t\t<meta property=\"og:description\" content=\"La Procura militare di Roma verifica la presenza di appartenenti alle Forze armate nella struttura di Futuro Nazionale. Ecco che cosa prevede realmente la legge.\" \/>\n\t\t<meta property=\"og:url\" content=\"https:\/\/alground.com\/site\/militari-partito-vannacci-procura\/62706\/\" \/>\n\t\t<meta property=\"og:image\" content=\"https:\/\/alground.com\/site\/wp-content\/uploads\/2026\/09\/vannacci-futuro-nazionale-militari.jpg\" \/>\n\t\t<meta property=\"og:image:secure_url\" content=\"https:\/\/alground.com\/site\/wp-content\/uploads\/2026\/09\/vannacci-futuro-nazionale-militari.jpg\" \/>\n\t\t<meta property=\"og:image:width\" content=\"1100\" \/>\n\t\t<meta property=\"og:image:height\" content=\"550\" \/>\n\t\t<meta property=\"article:published_time\" content=\"2026-09-04T14:33:08+00:00\" \/>\n\t\t<meta property=\"article:modified_time\" content=\"2026-09-04T14:33:08+00:00\" \/>\n\t\t<meta property=\"article:publisher\" content=\"https:\/\/www.facebook.com\/AlgroundGeopoliticaAlessandroTrizio\" \/>\n\t\t<meta name=\"twitter:card\" content=\"summary_large_image\" \/>\n\t\t<meta name=\"twitter:site\" content=\"@Alground\" \/>\n\t\t<meta name=\"twitter:title\" content=\"Militari nel partito di Vannacci: cosa verifica la Procura | Alground\" \/>\n\t\t<meta name=\"twitter:description\" content=\"La Procura militare di Roma verifica la presenza di appartenenti alle Forze armate nella struttura di Futuro Nazionale. Ecco che cosa prevede realmente la legge.\" \/>\n\t\t<meta name=\"twitter:creator\" content=\"@Alground\" \/>\n\t\t<meta name=\"twitter:image\" content=\"https:\/\/alground.com\/site\/wp-content\/uploads\/2026\/05\/Logo-tondo.png\" \/>\n\t\t<script type=\"application\/ld+json\" class=\"aioseo-schema\">\n\t\t\t{\"@context\":\"https:\\\/\\\/schema.org\",\"@graph\":[{\"@type\":\"BreadcrumbList\",\"@id\":\"https:\\\/\\\/alground.com\\\/site\\\/militari-partito-vannacci-procura\\\/62706\\\/#breadcrumblist\",\"itemListElement\":[{\"@type\":\"ListItem\",\"@id\":\"https:\\\/\\\/alground.com\\\/site#listItem\",\"position\":1,\"name\":\"Home\",\"item\":\"https:\\\/\\\/alground.com\\\/site\",\"nextItem\":{\"@type\":\"ListItem\",\"@id\":\"https:\\\/\\\/alground.com\\\/site\\\/category\\\/politica\\\/#listItem\",\"name\":\"Politica\"}},{\"@type\":\"ListItem\",\"@id\":\"https:\\\/\\\/alground.com\\\/site\\\/category\\\/politica\\\/#listItem\",\"position\":2,\"name\":\"Politica\",\"item\":\"https:\\\/\\\/alground.com\\\/site\\\/category\\\/politica\\\/\",\"nextItem\":{\"@type\":\"ListItem\",\"@id\":\"https:\\\/\\\/alground.com\\\/site\\\/militari-partito-vannacci-procura\\\/62706\\\/#listItem\",\"name\":\"Militari nel partito di Vannacci: cosa verifica la Procura\"},\"previousItem\":{\"@type\":\"ListItem\",\"@id\":\"https:\\\/\\\/alground.com\\\/site#listItem\",\"name\":\"Home\"}},{\"@type\":\"ListItem\",\"@id\":\"https:\\\/\\\/alground.com\\\/site\\\/militari-partito-vannacci-procura\\\/62706\\\/#listItem\",\"position\":3,\"name\":\"Militari nel partito di Vannacci: cosa verifica la Procura\",\"previousItem\":{\"@type\":\"ListItem\",\"@id\":\"https:\\\/\\\/alground.com\\\/site\\\/category\\\/politica\\\/#listItem\",\"name\":\"Politica\"}}]},{\"@type\":\"Organization\",\"@id\":\"https:\\\/\\\/alground.com\\\/site\\\/#organization\",\"name\":\"Alground\",\"description\":\"Tecnologia - Cyberwarfare - Intelligenza Artificiale\",\"url\":\"https:\\\/\\\/alground.com\\\/site\\\/\",\"email\":\"info@alground.com\",\"telephone\":\"+390687807295\",\"logo\":{\"@type\":\"ImageObject\",\"url\":\"https:\\\/\\\/alground.com\\\/site\\\/wp-content\\\/uploads\\\/2026\\\/05\\\/Logo-tondo.png\",\"@id\":\"https:\\\/\\\/alground.com\\\/site\\\/militari-partito-vannacci-procura\\\/62706\\\/#organizationLogo\",\"width\":72,\"height\":75,\"caption\":\"Circular badge with a stylized glowing cyan turtle against a dark starry background.\"},\"image\":{\"@id\":\"https:\\\/\\\/alground.com\\\/site\\\/militari-partito-vannacci-procura\\\/62706\\\/#organizationLogo\"},\"sameAs\":[\"https:\\\/\\\/www.facebook.com\\\/AlgroundGeopoliticaAlessandroTrizio\",\"https:\\\/\\\/x.com\\\/Alground\",\"https:\\\/\\\/www.instagram.com\\\/alground_geopolitica\\\/\"]},{\"@type\":\"Person\",\"@id\":\"https:\\\/\\\/alground.com\\\/site\\\/author\\\/al\\\/#author\",\"url\":\"https:\\\/\\\/alground.com\\\/site\\\/author\\\/al\\\/\",\"name\":\"Alex Trizio\",\"image\":{\"@type\":\"ImageObject\",\"@id\":\"https:\\\/\\\/alground.com\\\/site\\\/militari-partito-vannacci-procura\\\/62706\\\/#authorImage\",\"url\":\"https:\\\/\\\/alground.com\\\/site\\\/wp-content\\\/uploads\\\/2025\\\/11\\\/al-150x150.jpg\",\"width\":96,\"height\":96,\"caption\":\"Alex Trizio\"}},{\"@type\":\"WebPage\",\"@id\":\"https:\\\/\\\/alground.com\\\/site\\\/militari-partito-vannacci-procura\\\/62706\\\/#webpage\",\"url\":\"https:\\\/\\\/alground.com\\\/site\\\/militari-partito-vannacci-procura\\\/62706\\\/\",\"name\":\"Militari nel partito di Vannacci: cosa verifica la Procura | Alground\",\"description\":\"La Procura militare di Roma verifica la presenza di appartenenti alle Forze armate nella struttura di Futuro Nazionale. Ecco che cosa prevede realmente la legge.\",\"inLanguage\":\"it-IT\",\"isPartOf\":{\"@id\":\"https:\\\/\\\/alground.com\\\/site\\\/#website\"},\"breadcrumb\":{\"@id\":\"https:\\\/\\\/alground.com\\\/site\\\/militari-partito-vannacci-procura\\\/62706\\\/#breadcrumblist\"},\"author\":{\"@id\":\"https:\\\/\\\/alground.com\\\/site\\\/author\\\/al\\\/#author\"},\"creator\":{\"@id\":\"https:\\\/\\\/alground.com\\\/site\\\/author\\\/al\\\/#author\"},\"image\":{\"@type\":\"ImageObject\",\"url\":\"https:\\\/\\\/alground.com\\\/site\\\/wp-content\\\/uploads\\\/2026\\\/09\\\/vannacci-futuro-nazionale-militari.jpg\",\"@id\":\"https:\\\/\\\/alground.com\\\/site\\\/militari-partito-vannacci-procura\\\/62706\\\/#mainImage\",\"width\":1100,\"height\":550,\"caption\":\"Roberto Vannacci durante un evento di Futuro Nazionale\"},\"primaryImageOfPage\":{\"@id\":\"https:\\\/\\\/alground.com\\\/site\\\/militari-partito-vannacci-procura\\\/62706\\\/#mainImage\"},\"datePublished\":\"2026-09-04T15:33:08+01:00\",\"dateModified\":\"2026-09-04T15:33:08+01:00\"},{\"@type\":\"WebSite\",\"@id\":\"https:\\\/\\\/alground.com\\\/site\\\/#website\",\"url\":\"https:\\\/\\\/alground.com\\\/site\\\/\",\"name\":\"Alground\",\"alternateName\":\"Alground\",\"description\":\"Tecnologia - Cyberwarfare - Intelligenza Artificiale\",\"inLanguage\":\"it-IT\",\"publisher\":{\"@id\":\"https:\\\/\\\/alground.com\\\/site\\\/#organization\"}}]}\n\t\t<\/script>\n\t\t<!-- All in One SEO Pro -->\r\n\t\t<title>Militari nel partito di Vannacci: cosa verifica la Procura | Alground<\/title>\n\n","aioseo_head_json":{"title":"Militari nel partito di Vannacci: cosa verifica la Procura | Alground","description":"La Procura militare di Roma verifica la presenza di appartenenti alle Forze armate nella struttura di Futuro Nazionale. Ecco che cosa prevede realmente la legge.","canonical_url":"https:\/\/alground.com\/site\/militari-partito-vannacci-procura\/62706\/","robots":"max-image-preview:large","keywords":"","webmasterTools":{"google-site-verification":"uXIDMontx6A-5jxjAAuTv_CtdoyW0fZ-TE172a9ELeg","miscellaneous":""},"schema":{"@context":"https:\/\/schema.org","@graph":[{"@type":"BreadcrumbList","@id":"https:\/\/alground.com\/site\/militari-partito-vannacci-procura\/62706\/#breadcrumblist","itemListElement":[{"@type":"ListItem","@id":"https:\/\/alground.com\/site#listItem","position":1,"name":"Home","item":"https:\/\/alground.com\/site","nextItem":{"@type":"ListItem","@id":"https:\/\/alground.com\/site\/category\/politica\/#listItem","name":"Politica"}},{"@type":"ListItem","@id":"https:\/\/alground.com\/site\/category\/politica\/#listItem","position":2,"name":"Politica","item":"https:\/\/alground.com\/site\/category\/politica\/","nextItem":{"@type":"ListItem","@id":"https:\/\/alground.com\/site\/militari-partito-vannacci-procura\/62706\/#listItem","name":"Militari nel partito di Vannacci: cosa verifica la Procura"},"previousItem":{"@type":"ListItem","@id":"https:\/\/alground.com\/site#listItem","name":"Home"}},{"@type":"ListItem","@id":"https:\/\/alground.com\/site\/militari-partito-vannacci-procura\/62706\/#listItem","position":3,"name":"Militari nel partito di Vannacci: cosa verifica la Procura","previousItem":{"@type":"ListItem","@id":"https:\/\/alground.com\/site\/category\/politica\/#listItem","name":"Politica"}}]},{"@type":"Organization","@id":"https:\/\/alground.com\/site\/#organization","name":"Alground","description":"Tecnologia - Cyberwarfare - Intelligenza Artificiale","url":"https:\/\/alground.com\/site\/","email":"info@alground.com","telephone":"+390687807295","logo":{"@type":"ImageObject","url":"https:\/\/alground.com\/site\/wp-content\/uploads\/2026\/05\/Logo-tondo.png","@id":"https:\/\/alground.com\/site\/militari-partito-vannacci-procura\/62706\/#organizationLogo","width":72,"height":75,"caption":"Circular badge with a stylized glowing cyan turtle against a dark starry background."},"image":{"@id":"https:\/\/alground.com\/site\/militari-partito-vannacci-procura\/62706\/#organizationLogo"},"sameAs":["https:\/\/www.facebook.com\/AlgroundGeopoliticaAlessandroTrizio","https:\/\/x.com\/Alground","https:\/\/www.instagram.com\/alground_geopolitica\/"]},{"@type":"Person","@id":"https:\/\/alground.com\/site\/author\/al\/#author","url":"https:\/\/alground.com\/site\/author\/al\/","name":"Alex Trizio","image":{"@type":"ImageObject","@id":"https:\/\/alground.com\/site\/militari-partito-vannacci-procura\/62706\/#authorImage","url":"https:\/\/alground.com\/site\/wp-content\/uploads\/2025\/11\/al-150x150.jpg","width":96,"height":96,"caption":"Alex Trizio"}},{"@type":"WebPage","@id":"https:\/\/alground.com\/site\/militari-partito-vannacci-procura\/62706\/#webpage","url":"https:\/\/alground.com\/site\/militari-partito-vannacci-procura\/62706\/","name":"Militari nel partito di Vannacci: cosa verifica la Procura | Alground","description":"La Procura militare di Roma verifica la presenza di appartenenti alle Forze armate nella struttura di Futuro Nazionale. Ecco che cosa prevede realmente la legge.","inLanguage":"it-IT","isPartOf":{"@id":"https:\/\/alground.com\/site\/#website"},"breadcrumb":{"@id":"https:\/\/alground.com\/site\/militari-partito-vannacci-procura\/62706\/#breadcrumblist"},"author":{"@id":"https:\/\/alground.com\/site\/author\/al\/#author"},"creator":{"@id":"https:\/\/alground.com\/site\/author\/al\/#author"},"image":{"@type":"ImageObject","url":"https:\/\/alground.com\/site\/wp-content\/uploads\/2026\/09\/vannacci-futuro-nazionale-militari.jpg","@id":"https:\/\/alground.com\/site\/militari-partito-vannacci-procura\/62706\/#mainImage","width":1100,"height":550,"caption":"Roberto Vannacci durante un evento di Futuro Nazionale"},"primaryImageOfPage":{"@id":"https:\/\/alground.com\/site\/militari-partito-vannacci-procura\/62706\/#mainImage"},"datePublished":"2026-09-04T15:33:08+01:00","dateModified":"2026-09-04T15:33:08+01:00"},{"@type":"WebSite","@id":"https:\/\/alground.com\/site\/#website","url":"https:\/\/alground.com\/site\/","name":"Alground","alternateName":"Alground","description":"Tecnologia - Cyberwarfare - Intelligenza Artificiale","inLanguage":"it-IT","publisher":{"@id":"https:\/\/alground.com\/site\/#organization"}}]},"og:locale":"it_IT","og:site_name":"Alground | Tecnologia - Cyberwarfare - Intelligenza Artificiale","og:type":"article","og:title":"Militari nel partito di Vannacci: cosa verifica la Procura | Alground","og:description":"La Procura militare di Roma verifica la presenza di appartenenti alle Forze armate nella struttura di Futuro Nazionale. Ecco che cosa prevede realmente la legge.","og:url":"https:\/\/alground.com\/site\/militari-partito-vannacci-procura\/62706\/","og:image":"https:\/\/alground.com\/site\/wp-content\/uploads\/2026\/09\/vannacci-futuro-nazionale-militari.jpg","og:image:secure_url":"https:\/\/alground.com\/site\/wp-content\/uploads\/2026\/09\/vannacci-futuro-nazionale-militari.jpg","og:image:width":1100,"og:image:height":550,"article:published_time":"2026-09-04T14:33:08+00:00","article:modified_time":"2026-09-04T14:33:08+00:00","article:publisher":"https:\/\/www.facebook.com\/AlgroundGeopoliticaAlessandroTrizio","twitter:card":"summary_large_image","twitter:site":"@Alground","twitter:title":"Militari nel partito di Vannacci: cosa verifica la Procura | Alground","twitter:description":"La Procura militare di Roma verifica la presenza di appartenenti alle Forze armate nella struttura di Futuro Nazionale. Ecco che cosa prevede realmente la legge.","twitter:creator":"@Alground","twitter:image":"https:\/\/alground.com\/site\/wp-content\/uploads\/2026\/05\/Logo-tondo.png"},"aioseo_meta_data":[],"aioseo_breadcrumb":"<div class=\"aioseo-breadcrumbs\"><span class=\"aioseo-breadcrumb\">\n\t<a href=\"https:\/\/alground.com\/site\" title=\"Home\">Home<\/a>\n<\/span><span class=\"aioseo-breadcrumb-separator\">&raquo;<\/span><span class=\"aioseo-breadcrumb\">\n\t<a href=\"https:\/\/alground.com\/site\/category\/politica\/\" title=\"Politica\">Politica<\/a>\n<\/span><span class=\"aioseo-breadcrumb-separator\">&raquo;<\/span><span class=\"aioseo-breadcrumb\">\n\tMilitari nel partito di Vannacci: cosa verifica la Procura\n<\/span><\/div>","aioseo_breadcrumb_json":[{"label":"Home","link":"https:\/\/alground.com\/site"},{"label":"Politica","link":"https:\/\/alground.com\/site\/category\/politica\/"},{"label":"Militari nel partito di Vannacci: cosa verifica la Procura","link":"https:\/\/alground.com\/site\/militari-partito-vannacci-procura\/62706\/"}],"jetpack_featured_media_url":"https:\/\/alground.com\/site\/wp-content\/uploads\/2026\/09\/vannacci-futuro-nazionale-militari.jpg","_links":{"self":[{"href":"https:\/\/alground.com\/site\/wp-json\/wp\/v2\/posts\/62706","targetHints":{"allow":["GET"]}}],"collection":[{"href":"https:\/\/alground.com\/site\/wp-json\/wp\/v2\/posts"}],"about":[{"href":"https:\/\/alground.com\/site\/wp-json\/wp\/v2\/types\/post"}],"author":[{"embeddable":true,"href":"https:\/\/alground.com\/site\/wp-json\/wp\/v2\/users\/3"}],"replies":[{"embeddable":true,"href":"https:\/\/alground.com\/site\/wp-json\/wp\/v2\/comments?post=62706"}],"version-history":[{"count":1,"href":"https:\/\/alground.com\/site\/wp-json\/wp\/v2\/posts\/62706\/revisions"}],"predecessor-version":[{"id":62708,"href":"https:\/\/alground.com\/site\/wp-json\/wp\/v2\/posts\/62706\/revisions\/62708"}],"wp:featuredmedia":[{"embeddable":true,"href":"https:\/\/alground.com\/site\/wp-json\/wp\/v2\/media\/62707"}],"wp:attachment":[{"href":"https:\/\/alground.com\/site\/wp-json\/wp\/v2\/media?parent=62706"}],"wp:term":[{"taxonomy":"category","embeddable":true,"href":"https:\/\/alground.com\/site\/wp-json\/wp\/v2\/categories?post=62706"},{"taxonomy":"post_tag","embeddable":true,"href":"https:\/\/alground.com\/site\/wp-json\/wp\/v2\/tags?post=62706"}],"curies":[{"name":"wp","href":"https:\/\/api.w.org\/{rel}","templated":true}]}}